{"id":69781,"date":"2019-12-09T15:08:02","date_gmt":"2019-12-09T20:08:02","guid":{"rendered":"https:\/\/linitiative.ca\/International\/11-decembre-2019\/"},"modified":"2019-12-09T15:08:02","modified_gmt":"2019-12-09T20:08:02","slug":"11-decembre-2019","status":"publish","type":"post","link":"https:\/\/linitiative.ca\/International\/11-decembre-2019\/","title":{"rendered":"11 DECEMBRE 2019"},"content":{"rendered":"<div class=\"stream-item stream-item-above-post-content\">\n<p><noscript><\/p>\n<p><a href=\"\/\/www3.smartadserver.com\/ac?jump=1&#038;nwid=2136&#038;siteid=240610&#038;pgname=rg&#038;fmtid=49046&#038;visit=m&#038;tmstp=[timestamp]&#038;out=nonrich\" target=\"_blank\" rel=\"noopener noreferrer\"><img decoding=\"async\" src=\"\/\/www3.smartadserver.com\/ac?out=nonrich&#038;nwid=2136&#038;siteid=240610&#038;pgname=rg&#038;fmtid=49046&#038;visit=m&#038;tmstp=[timestamp]\" border=\"0\" alt=\"\"\/><\/a><\/p>\n<p><\/noscript><\/div>\n<p class=\"c3\">La capitale de la r\u00e9gion du Centre-Est, Tenkodogo, fait l\u2019objet d\u2019attraction de tout le Burkina. Et pour cause\u00a0: c\u2019est cette localit\u00e9 qui accueille cette ann\u00e9e la comm\u00e9moration tournante du 11-D\u00e9cembre. Le fait m\u00eame que le Burkina ait pu tenir l\u2019\u00e9v\u00e8nement nonobstant non seulement le contexte s\u00e9curitaire qui est celui du pays, mais aussi la morosit\u00e9 \u00e9conomique, peut \u00eatre d\u00e9crypt\u00e9 comme une victoire de l\u2019ensemble des fils et filles du Burkina. C\u2019est le signe d\u2019une r\u00e9silience du pays face \u00e0 l\u2019avalanche de malheurs li\u00e9s aux attaques terroristes, qui s\u2019abat sur lui. Roch Marc Christian Kabor\u00e9 pr\u00e9sidera donc la c\u00e9r\u00e9monie non pas en tant que pr\u00e9sident d\u2019un pays qui a pli\u00e9 l\u2019\u00e9chine face aux terroristes, mais en tant que pr\u00e9sident d\u2019un pays qui refuse obstin\u00e9ment de subir le <em>diktat<\/em> des forces du mal. Et les nouvelles du front, ces derniers jours, sont de nature \u00e0 rendre les Burkinab\u00e8 fiers de leur arm\u00e9e. Et toute la classe politique, toutes ob\u00e9diences confondues, doit mettre \u00e0 contribution ce grand moment de la vie politique de la Nation que repr\u00e9sente la c\u00e9l\u00e9bration du 11-D\u00e9cembre, pour rendre hommage de mani\u00e8re forte \u00e0 tous ces hommes et femmes qui, au prix de leur vie, font face \u00e0 l\u2019ennemi. Pour autant, la vigilance ne doit pas \u00eatre rel\u00e2ch\u00e9e. Car, l\u2019ennemi, on le sait, cherche \u00e0 marquer les esprits par des actions t\u00e9m\u00e9raires et os\u00e9es. De ce point de vue, toute la Nation, solidaire et unie, doit veiller au grain pour que ces iconoclastes ne souillent pas notre 11-D\u00e9cembre. Cela dit, au rendez-vous de Tenkodogo, l\u2019on peut noter et saluer l\u2019innovation majeure suivante. En effet, les organisateurs de la f\u00eate ont bien voulu y associer les autres provinces que compte la r\u00e9gion. Il est vrai qu\u2019\u00e0 l\u2019\u00e9dition de Manga, cette option avait \u00e9t\u00e9 exp\u00e9riment\u00e9e mais l\u2019on peut dire que la question avait \u00e9t\u00e9 d\u00e9j\u00e0 instrumentalis\u00e9e\u00a0 par des politiciens en panne d\u2019id\u00e9es et de popularit\u00e9, pour dresser les populations de la r\u00e9gion les unes contre les autres. Cette fois-ci, \u00e0 Tenkodogo, l\u2019on a pu faire l\u2019\u00e9conomie de ce\u00a0 genre de palabres. Et cela est \u00e0 mettre \u00e0 l\u2019actif de tous les fils et de toutes les filles de la r\u00e9gion.<\/p>\n<p><strong>Il faut souhaiter que Tenkodogo fasse des \u00e9mules<\/strong><\/p>\n<p><strong>\u00a0<\/strong><\/p>\n<p class=\"c3\">Le moins que l\u2019on puisse dire, c\u2019est que cet acte est non seulement le signe d\u2019une maturit\u00e9 politique, \u00a0\u00a0mais aussi celui d\u2019une vision holistique du d\u00e9veloppement. Malheureusement, de par le pass\u00e9, cette conception avait \u00e9t\u00e9 \u00e9lud\u00e9e. Mais comme il n\u2019est jamais trop tard pour bien faire, l\u2019on peut saluer cette innovation et souhaiter qu\u2019elle soit codifi\u00e9e de sorte \u00e0 ce que son application ne soit pas \u00e0 g\u00e9om\u00e9trie variable. L\u2019autre innovation, si l\u2019on peut l\u2019appeler ainsi, est le plaidoyer qui a \u00e9t\u00e9 fait \u00e0 l\u2019adresse de la diaspora de la r\u00e9gion. En cela, Tenkodogo est unique. Les autres r\u00e9gions l\u2019ont peut \u00eatre fait mais pas au point de susciter l\u2019int\u00e9r\u00eat que l\u2019on peut observer du c\u00f4t\u00e9 de Tenkodogo. Toutes les r\u00e9gions n\u2019ont certainement pas la chance d\u2019avoir une diaspora aussi nantie que celle de Tenkodogo, suivez mon regard, mais l\u2019on peut dire que toutes les r\u00e9gions qui ont pr\u00e9c\u00e9d\u00e9 le Centre-Est, n\u2019ont pas suffisamment exploit\u00e9 cette mine que repr\u00e9sente la diaspora. Et toutes les r\u00e9gions du Burkina ont leur diaspora\u00a0; seulement tout laisse croire que la strat\u00e9gie en vue de les impliquer dans la r\u00e9alisation des infrastructures, a \u00e9t\u00e9 d\u00e9faillante. Banfora qui doit succ\u00e9der \u00e0 Tenkodogo, doit pouvoir s\u2019inspirer de l\u2019exemple de cette localit\u00e9 pour tirer davantage la comm\u00e9moration du 11-D\u00e9cembre vers le haut en initiant, d\u00e8s \u00e0 pr\u00e9sent, une op\u00e9ration de charme, de sensibilisation et de communication tous azimuts en direction de sa diaspora. Dans la perspective de la construction de l\u2019Etat-Nation, il faut envisager la possibilit\u00e9 d\u2019aller au-del\u00e0 de la diaspora de la r\u00e9gion pour prendre en compte la diaspora du Burkina. Un autre fait marquant qui caract\u00e9rise Tenkodogo 2019 et qui peut \u00eatre per\u00e7u comme une innovation, est l\u2019implication de la soci\u00e9t\u00e9 civile de la r\u00e9gion, pour veiller \u00e0 ce que les travaux annonc\u00e9s soient ex\u00e9cut\u00e9s selon les r\u00e8gles de l\u2019art. Seule cette veille citoyenne peut permettre de mettre la pression sur les entrepreneurs de mani\u00e8re \u00e0 les amener \u00e0 bien faire. Et par ces temps qui courent, les entrepreneurs ind\u00e9licats ont plus peur du contr\u00f4le citoyen que de celui de l\u2019Etat.Il faut souhaiter donc que Tenkodogo fasse sur ce point pr\u00e9cis, des \u00e9mules.<\/p>\n<p><strong>\u00a0<\/strong><\/p>\n<p><strong><em>Sidzabda<\/em><\/strong><\/p>\n<p>Auteur: Le Pays<br \/>\n<a href=\"http:\/\/lepays.bf\/11-decembre-2019\/\">Cliquez ici pour lire l&rsquo;article depuis sa source.<\/a><\/p>\n","protected":false},"excerpt":{"rendered":"<p>La capitale de la r\u00e9gion du Centre-Est, Tenkodogo, fait l\u2019objet d\u2019attraction de tout le Burkina. Et pour cause\u00a0: c\u2019est cette localit\u00e9 qui accueille cette ann\u00e9e la comm\u00e9moration tournante du 11-D\u00e9cembre. Le fait m\u00eame que le Burkina ait pu tenir l\u2019\u00e9v\u00e8nement nonobstant non seulement le contexte s\u00e9curitaire qui est celui du pays, mais aussi la morosit\u00e9 [&hellip;]<\/p>\n","protected":false},"author":1813,"featured_media":0,"comment_status":"closed","ping_status":"closed","sticky":false,"template":"","format":"standard","meta":{"fifu_image_url":"","fifu_image_alt":"","footnotes":""},"categories":[73,81],"tags":[],"class_list":["post-69781","post","type-post","status-publish","format-standard","hentry","category-actualite","category-burkina-faso"],"_links":{"self":[{"href":"https:\/\/linitiative.ca\/International\/wp-json\/wp\/v2\/posts\/69781","targetHints":{"allow":["GET"]}}],"collection":[{"href":"https:\/\/linitiative.ca\/International\/wp-json\/wp\/v2\/posts"}],"about":[{"href":"https:\/\/linitiative.ca\/International\/wp-json\/wp\/v2\/types\/post"}],"author":[{"embeddable":true,"href":"https:\/\/linitiative.ca\/International\/wp-json\/wp\/v2\/users\/1813"}],"replies":[{"embeddable":true,"href":"https:\/\/linitiative.ca\/International\/wp-json\/wp\/v2\/comments?post=69781"}],"version-history":[{"count":0,"href":"https:\/\/linitiative.ca\/International\/wp-json\/wp\/v2\/posts\/69781\/revisions"}],"wp:attachment":[{"href":"https:\/\/linitiative.ca\/International\/wp-json\/wp\/v2\/media?parent=69781"}],"wp:term":[{"taxonomy":"category","embeddable":true,"href":"https:\/\/linitiative.ca\/International\/wp-json\/wp\/v2\/categories?post=69781"},{"taxonomy":"post_tag","embeddable":true,"href":"https:\/\/linitiative.ca\/International\/wp-json\/wp\/v2\/tags?post=69781"}],"curies":[{"name":"wp","href":"https:\/\/api.w.org\/{rel}","templated":true}]}}