{"id":69782,"date":"2019-12-09T17:22:50","date_gmt":"2019-12-09T22:22:50","guid":{"rendered":"https:\/\/linitiative.ca\/International\/levee-des-sanctions-au-cdp-ce-nest-pas-la-victoire-dun-camp-sur-un-autre-achille-tapsoba\/"},"modified":"2019-12-09T17:22:50","modified_gmt":"2019-12-09T22:22:50","slug":"levee-des-sanctions-au-cdp-ce-nest-pas-la-victoire-dun-camp-sur-un-autre-achille-tapsoba","status":"publish","type":"post","link":"https:\/\/linitiative.ca\/International\/levee-des-sanctions-au-cdp-ce-nest-pas-la-victoire-dun-camp-sur-un-autre-achille-tapsoba\/","title":{"rendered":"Lev\u00e9e des sanctions au CDP : \u00ab\u00a0Ce n\u2019est pas la victoire d\u2019un camp sur un autre\u00a0\u00bb, Achille  Tapsoba"},"content":{"rendered":"<div class=\"td-post-featured-image\" readability=\"34\"><a href=\"https:\/\/i0.wp.com\/www.sidwaya.info\/wp-content\/uploads\/2019\/12\/achille.gif?fit=700%2C542&#038;ssl=1\" data-caption=\"Le 1er vice-pr\u00e9sident du CDP, Achille Tapsoba\u00a0: \u00ab\u00a0La direction a montr\u00e9 sa pr\u00e9disposition \u00e0 accueillir Boureima Badini dans ses rangs\u00bb.\"><img loading=\"lazy\" decoding=\"async\" width=\"696\" height=\"539\" class=\"entry-thumb td-modal-image\" src=\"https:\/\/i0.wp.com\/www.sidwaya.info\/wp-content\/uploads\/2019\/12\/achille.gif?resize=696%2C539&#038;ssl=1\" alt=\"\" title=\"achille\"\/><\/a>Le 1er vice-pr\u00e9sident du CDP, Achille Tapsoba\u00a0: \u00ab\u00a0La direction a montr\u00e9 sa pr\u00e9disposition \u00e0 accueillir Boureima Badini dans ses rangs\u00bb.<\/div>\n<p><strong>Le Congr\u00e8s pour la d\u00e9mocratie et le progr\u00e8s (CDP) a organis\u00e9, le lundi 9 d\u00e9cembre 2019 \u00e0 Ouagadougou, une conf\u00e9rence de presse pour annoncer les conclusions de son dernier congr\u00e8s extraordinaire qui a abouti \u00e0 la lev\u00e9e des sanctions qui pesaient sur 27 de ses militants.<\/strong><\/p>\n<p>Le Congr\u00e8s pour la d\u00e9mocratie et le progr\u00e8s (CDP) a besoin de l\u2019unit\u00e9 et de coh\u00e9sion militante afin d\u2019affronter les d\u00e9fis du moment et de l\u2019avenir. Pour ce faire, le parti a proc\u00e9d\u00e9, lors d\u2019un congr\u00e8s extraordinaire, le samedi 7 d\u00e9cembre dernier, \u00e0 la lev\u00e9e des sanctions (exclusions et suspensions) des 27 militants prononc\u00e9es le 22 septembre dernier \u00e0 leur encontre. C\u2019est la quintessence de la conf\u00e9rence de presse, organis\u00e9e par l\u2019ex parti au pouvoir, le lundi 9 d\u00e9cembre 2019 \u00e0 Ouagadougou.<\/p>\n<div class=\"td-a-rec td-a-rec-id-content_inline tdi_30_64f td_block_template_1\"><a href=\"https:\/\/www.sidwaya.info\/wp-content\/uploads\/2019\/12\/Bandeau-11-De%CC%81cembre-scaled.png\"><img loading=\"lazy\" decoding=\"async\" class=\"aligncenter size-full wp-image-17137\" src=\"https:\/\/www.sidwaya.info\/wp-content\/uploads\/2019\/12\/Bandeau-11-De%CC%81cembre-scaled.png\" alt=\"\" width=\"2560\" height=\"313\"\/><\/a><\/div>\n<p>Pour le 1er vice-pr\u00e9sident du CDP, Achille Tapsoba, ce rapportage des sanctions n\u2019est pas la victoire d\u2019un camp sur un autre, mais a \u00e9t\u00e9 simplement fait conform\u00e9ment aux orientations du pr\u00e9sident d\u2019honneur et fondateur du parti, Blaise Compaor\u00e9 qui l\u2019avait demand\u00e9. Signe d\u2019un sens du d\u00e9passement des positions individuelles pour l\u2019int\u00e9r\u00eat sup\u00e9rieur du CDP, la d\u00e9cision du congr\u00e8s, a-t-il poursuivi, rassure les militants et d\u00e9montre la grandeur d\u2019esprit de la direction politique du parti, de continuer \u00absereinement\u00bb dans son travail de mobilisation des militants pour la reconqu\u00eate du pouvoir d\u2019Etat.<\/p>\n<p>Comme il fallait s\u2019y attendre, l\u2019absence des militants sanctionn\u00e9s au congr\u00e8s extraordinaire a \u00e9t\u00e9 \u00e9voqu\u00e9e par les hommes de m\u00e9dias. Pour Achille Tapsoba, les 27 militants ayant \u00e9t\u00e9 exclus et\/ou suspendus, ils ont perdu leur qualit\u00e9 de militants et ne pouvaient donc pas \u00eatre invit\u00e9s. \u00abLe congr\u00e8s a r\u00e9uni les membres statutaires pour \u00e9voquer un sujet qui les concerne. Nous les avons appel\u00e9s pour les inviter \u00e0 la c\u00e9r\u00e9monie de cl\u00f4ture s\u2019ils le d\u00e9sirent, mais nous \u03c0ne saurons dire pourquoi ils ne sont pas venus\u00bb, a-t-il pr\u00e9cis\u00e9.<\/p>\n<p>Pass\u00e9 l\u2019heure de la crise, Achille Tapsoba invite ses camarades \u00e0 regagner les rangs du parti et \u00e0 occuper leur poste respectif. \u00abIls avaient \u00e9t\u00e9 exclus et suspendus du parti mais, ils n\u2019avaient pas \u00e9t\u00e9 remplac\u00e9s dans les postes qu\u2019ils occupaient dans les organes et instances du parti comme le BPN et le BEN (Bureau ex\u00e9cutif national, ndlr)\u00bb, a-t-il fait savoir. Interrog\u00e9 sur les cas de Boureima Badini et de Kadr\u00e9 D\u00e9sir\u00e9 Ou\u00e9draogo, le principal animateur de la conf\u00e9rence de presse a relev\u00e9 que le 1er est un \u00ab\u00a0sanctionn\u00e9 \u2013\u00a0d\u00e9missionnaire \u00bb et que le second a d\u00e9missionn\u00e9 et n\u2019a pas \u00e9t\u00e9 sanctionn\u00e9.<\/p>\n<p>Il a poursuivi qu\u2019avant le dernier congr\u00e8s extraordinaire, Boureima Badini a manifest\u00e9 sa volont\u00e9 de revenir au CDP. \u00abSes sanctions ont \u00e9t\u00e9 lev\u00e9es et la direction a montr\u00e9 sa pr\u00e9disposition \u00e0 l\u2019accueillir dans les rangs du parti\u00bb, a-t-il soutenu.<br \/>Existe-t-il toujours des plaintes en justice contre le CDP\u00a0? A cette question, M. Taspoba a r\u00e9pondu que le groupe de Rasman\u00e9 Daniel Sawadogo a adress\u00e9 au pr\u00e9sident du Tribunal de grande instance de Ouagadougou, une lettre de retrait de sa plainte contre le parti.<\/p>\n<p>Par contre, a-t-il not\u00e9, Mahamadi Kouanda et compagnie ont fait une demande de \u00ab\u00a0retrait d\u2019instance\u00bb, c\u2019est-\u00e0-dire de suspension du processus de mise en \u0153uvre de la plainte. \u00abNous avons demand\u00e9 \u00e0 l\u2019int\u00e9ress\u00e9 de se conformer \u00e0 la directive du pr\u00e9sident d\u2019honneur du parti qui veut le retrait imm\u00e9diat des plaintes en justice\u00a0\u00bb, a-t-il<br \/>ajout\u00e9.<\/p>\n<p class=\"c1\"><strong>Jean-Marie TOE<\/strong><\/p>\n<div class=\"td-a-rec td-a-rec-id-content_bottom tdi_31_1d7 td_block_template_1\"><img loading=\"lazy\" decoding=\"async\" class=\"aligncenter size-full wp-image-9623\" src=\"https:\/\/www.sidwaya.info\/wp-content\/uploads\/2019\/06\/Projet-bannie%CC%80re-Orange-mobile.jpg\" alt=\"\" width=\"728\" height=\"81\"\/><\/div>\n<p>Auteur: JK. Sidwaya<br \/>\n<a href=\"https:\/\/www.sidwaya.info\/blog\/2019\/12\/09\/levee-des-sanctions-au-cdp-ce-nest-pas-la-victoire-dun-camp-sur-un-autre-achille-tapsoba\/\">Cliquez ici pour lire l&rsquo;article depuis sa source.<\/a><\/p>\n","protected":false},"excerpt":{"rendered":"<p>Le 1er vice-pr\u00e9sident du CDP, Achille Tapsoba\u00a0: \u00ab\u00a0La direction a montr\u00e9 sa pr\u00e9disposition \u00e0 accueillir Boureima Badini dans ses rangs\u00bb. Le Congr\u00e8s pour la d\u00e9mocratie et le progr\u00e8s (CDP) a organis\u00e9, le lundi 9 d\u00e9cembre 2019 \u00e0 Ouagadougou, une conf\u00e9rence de presse pour annoncer les conclusions de son dernier congr\u00e8s extraordinaire qui a abouti \u00e0 [&hellip;]<\/p>\n","protected":false},"author":1816,"featured_media":0,"comment_status":"closed","ping_status":"closed","sticky":false,"template":"","format":"standard","meta":{"fifu_image_url":"","fifu_image_alt":"","footnotes":""},"categories":[73,81],"tags":[],"class_list":["post-69782","post","type-post","status-publish","format-standard","hentry","category-actualite","category-burkina-faso"],"_links":{"self":[{"href":"https:\/\/linitiative.ca\/International\/wp-json\/wp\/v2\/posts\/69782","targetHints":{"allow":["GET"]}}],"collection":[{"href":"https:\/\/linitiative.ca\/International\/wp-json\/wp\/v2\/posts"}],"about":[{"href":"https:\/\/linitiative.ca\/International\/wp-json\/wp\/v2\/types\/post"}],"author":[{"embeddable":true,"href":"https:\/\/linitiative.ca\/International\/wp-json\/wp\/v2\/users\/1816"}],"replies":[{"embeddable":true,"href":"https:\/\/linitiative.ca\/International\/wp-json\/wp\/v2\/comments?post=69782"}],"version-history":[{"count":0,"href":"https:\/\/linitiative.ca\/International\/wp-json\/wp\/v2\/posts\/69782\/revisions"}],"wp:attachment":[{"href":"https:\/\/linitiative.ca\/International\/wp-json\/wp\/v2\/media?parent=69782"}],"wp:term":[{"taxonomy":"category","embeddable":true,"href":"https:\/\/linitiative.ca\/International\/wp-json\/wp\/v2\/categories?post=69782"},{"taxonomy":"post_tag","embeddable":true,"href":"https:\/\/linitiative.ca\/International\/wp-json\/wp\/v2\/tags?post=69782"}],"curies":[{"name":"wp","href":"https:\/\/api.w.org\/{rel}","templated":true}]}}