{"id":69783,"date":"2019-12-09T17:28:46","date_gmt":"2019-12-09T22:28:46","guid":{"rendered":"https:\/\/linitiative.ca\/International\/25e-conference-des-parties-sur-le-climat-lafrique-affute-ses-armes-pour-consolider-des-acquis\/"},"modified":"2019-12-09T17:28:46","modified_gmt":"2019-12-09T22:28:46","slug":"25e-conference-des-parties-sur-le-climat-lafrique-affute-ses-armes-pour-consolider-des-acquis","status":"publish","type":"post","link":"https:\/\/linitiative.ca\/International\/25e-conference-des-parties-sur-le-climat-lafrique-affute-ses-armes-pour-consolider-des-acquis\/","title":{"rendered":"25e Conf\u00e9rence des Parties sur le climat : L\u2019Afrique aff\u00fbte ses armes pour consolider des acquis"},"content":{"rendered":"<div class=\"td-post-featured-image\" readability=\"34\"><a href=\"https:\/\/i1.wp.com\/www.sidwaya.info\/wp-content\/uploads\/2019\/12\/climat.gif?fit=787%2C590&#038;ssl=1\" data-caption=\"Le porte-parole du groupe des n\u00e9gociateurs africains \u00e0 la COP 25, l\u2019ambassadeur Seyni Nafo s\u2019est dit optimiste quant \u00e0 l\u2019aboutissement des n\u00e9gociations.\"><img loading=\"lazy\" decoding=\"async\" width=\"696\" height=\"522\" class=\"entry-thumb td-modal-image\" src=\"https:\/\/i1.wp.com\/www.sidwaya.info\/wp-content\/uploads\/2019\/12\/climat.gif?resize=696%2C522&#038;ssl=1\" alt=\"\" title=\"climat\"\/><\/a>Le porte-parole du groupe des n\u00e9gociateurs africains \u00e0 la COP 25, l\u2019ambassadeur Seyni Nafo s\u2019est dit optimiste quant \u00e0 l\u2019aboutissement des n\u00e9gociations.<\/div>\n<p><strong>Le groupe des n\u00e9gociateurs africain a fait le point de l\u2019\u00e9tat d\u2019avancement des n\u00e9gociations de la 25e Conf\u00e9rence des parties \u00e0 la Convention-cadre des Nations unies sur les changements climatiques \u00e0 la Conf\u00e9rence minist\u00e9rielle africaine sur l\u2019environnement (CEMAE) tenue le dimanche 8 d\u00e9cembre 2019 \u00e0 Madrid, en Espagne.<\/strong><\/p>\n<p>L\u2019Afrique est pr\u00e9sente \u00e0 la 25e Conf\u00e9rence des parties \u00e0 la Convention-cadre des Nations unies sur les changements climatiques (COP 25) avec trois priorit\u00e9s. Il s\u2019agit de l\u2019instauration d\u2019un march\u00e9 carbone pour permettre l\u2019\u00e9change des r\u00e9ductions d\u2019\u00e9missions entre pays d\u00e9velopp\u00e9s et ceux en d\u00e9veloppement comme stipul\u00e9 dans l\u2019accord de Paris sur le climat act\u00e9 \u00e0 la COP 21, la reconnaissance de la vuln\u00e9rabilit\u00e9 socio-\u00e9conomique du continent noir afin qu\u2019il ait un acc\u00e8s prioritaire et simplifi\u00e9 aux ressources internationales ainsi que le renforcement du comit\u00e9 technique qui travaille sur les pertes et les pr\u00e9judices li\u00e9s aux impacts des changements climatiques. Une semaine apr\u00e8s le d\u00e9but de la COP, le groupe des n\u00e9gociateurs africains a fait le point des n\u00e9gociations \u00e0 la Conf\u00e9rence minist\u00e9rielle africaine sur l\u2019environnement (CEMAE) le dimanche 8 d\u00e9cembre 2019 \u00e0 Madrid.<\/p>\n<div class=\"td-a-rec td-a-rec-id-content_inline tdi_30_5ce td_block_template_1\"><a href=\"https:\/\/www.sidwaya.info\/wp-content\/uploads\/2019\/12\/Bandeau-11-De%CC%81cembre-scaled.png\"><img loading=\"lazy\" decoding=\"async\" class=\"aligncenter size-full wp-image-17137\" src=\"https:\/\/www.sidwaya.info\/wp-content\/uploads\/2019\/12\/Bandeau-11-De%CC%81cembre-scaled.png\" alt=\"\" width=\"2560\" height=\"313\"\/><\/a><\/div>\n<p>S\u2019agissant du march\u00e9 carbone, le porte-parole du groupe des n\u00e9gociateurs africains \u00e0 la COP 25, l\u2019ambassadeur Seyni Nafo a relev\u00e9 que l\u2019Afrique demande qu\u2019il y ait des r\u00e8gles de transparence et la supervision des Nations unies. \u00ab\u00a0Il y a des avanc\u00e9es \u00e0 ce niveau. Les partenaires \u00e9taient contre, mais nous sommes en train d\u2019avancer\u00a0\u00bb, s\u2019est-il r\u00e9joui. Toutefois, il a relev\u00e9 un blocage au niveau du pr\u00e9l\u00e8vement de 2% des revenus de la vente des cr\u00e9dits carbone pour financer l\u2019adaptation.<\/p>\n<p>\u00ab\u00a0Plusieurs m\u00e9canismes vont \u00eatre cr\u00e9\u00e9s et nous voulons que le pr\u00e9l\u00e8vement soit syst\u00e9matique, mais les pays d\u00e9velopp\u00e9s ne sont pas pr\u00eats \u00e0 \u00e9tendre les ponctions \u00e0 tous les m\u00e9canismes\u00a0\u00bb, a-t-il regrett\u00e9. Concernant la reconnaissance de la sp\u00e9cificit\u00e9 de l\u2019Afrique, il y a des entraves, selon M. Nafo car certains pays, notamment d\u2019Am\u00e9rique latine et d\u2019Asie centrale se disent aussi vuln\u00e9rables. \u00ab\u00a0C\u2019est une n\u00e9gociation qui est assez politique, mais nous pensons que nous allons y arriver\u00a0\u00bb, a-t-il dit optimiste. Sur la question du renforcement du comit\u00e9, il a inform\u00e9 que les discussions se poursuivent et des avanc\u00e9es sont possibles.<\/p>\n<h3>Pour une justice climat<\/h3>\n<p><img loading=\"lazy\" decoding=\"async\" class=\"size-medium wp-image-17155\" src=\"https:\/\/i0.wp.com\/www.sidwaya.info\/wp-content\/uploads\/2019\/12\/climat2.gif?resize=300%2C169&#038;ssl=1\" alt=\"\" width=\"300\" height=\"169\" srcset=\"https:\/\/i0.wp.com\/www.sidwaya.info\/wp-content\/uploads\/2019\/12\/climat2.gif?resize=300%2C169&#038;ssl=1 300w, https:\/\/i0.wp.com\/www.sidwaya.info\/wp-content\/uploads\/2019\/12\/climat2.gif?resize=696%2C392&#038;ssl=1 696w\" sizes=\"auto, (max-width: 300px) 100vw, 300px\" data-recalc-dims=\"1\"\/>Le ministre en charge de l\u2019environnement Batio Bassi\u00e8re (droite) souhaite<br \/>le transfert de technologies des pays d\u00e9velopp\u00e9s vers ceux en d\u00e9veloppement.<\/p>\n<p>Sur ce point, il a inform\u00e9 que les d\u00e9bats se poursuivent pour l\u2019obtention d\u2019un comit\u00e9 technique dont le mandat est renforc\u00e9 avec plus de ressources financi\u00e8res et humaines pour pouvoir d\u00e9velopper des techniques, technologies, et instruments financiers afin de v\u00e9ritablement renforcer la r\u00e9silience des pays. Ce, au regard de la r\u00e9currence des catastrophes naturelles en Afrique. \u00ab\u00a0Nous sommes assez positifs sur les trois points\u00a0\u00bb, a-t-il soutenu.<\/p>\n<p>Apr\u00e8s ce point, le ministre de l\u2019Environnement, de l\u2019Economie verte et du Changement climatique, Batio Bassie\u00e8re, par ailleurs vice-pr\u00e9sident de la CEMAE, a relev\u00e9 qu\u2019il \u00e9tait du devoir de ses pairs et lui d\u2019\u00e9changer avec les experts pour conna\u00eetre les orientations \u00e0 prendre et parler d\u2019une seule voix afin de bien mener la 2e semaine de n\u00e9gociations dans l\u2019int\u00e9r\u00eat des pays africains. A l\u2019\u00e9couter, il est important de s\u2019accorder sur les modalit\u00e9s d\u2019application de l\u2019article 6 de l\u2019accord de Paris qui a trait au march\u00e9 carbone au profit des fonds d\u2019adaptation.<\/p>\n<p>Toujours sur la question de financement, le ministre a relev\u00e9 qu\u2019il serait difficile d\u2019obtenir les 100 milliards de dollars annonc\u00e9s \u00e0 Paris alors que les pays doivent revisiter leurs engagements \u00e0 partir de 2020. \u00ab Il va donc falloir trouver un autre m\u00e9canisme de financement pour l\u2019adaptation et l\u2019att\u00e9nuation aux effets des changements climatiques en plus du fonds vert \u00bb, a-t-il indiqu\u00e9.<\/p>\n<p>A ses dires, des n\u00e9gociations seront aussi men\u00e9es sur le transfert de technologies et le renforcement de capacit\u00e9s au profit des pays africains dans le cadre de la mise en \u0153uvre de leur Contribution d\u00e9termin\u00e9e au niveau national (CDN) pour une justice climat. \u00ab Nous ne sommes pas responsables du r\u00e9chauffement climatique. Nous n\u2019\u00e9mettons que 4% des \u00e9missions, mais nous portons le fardeau des changements climatiques\u00a0\u00bb, a-t-il regrett\u00e9. De ce fait, il a d\u00e9clar\u00e9 qu\u2019il est du devoir de ceux qui sont d\u00e9velopp\u00e9s d\u2019accompagner ceux qui ne le sont pas, mais cela doit \u00eatre n\u00e9goci\u00e9.<\/p>\n<p class=\"c1\"><strong>Eliane SOME<\/strong><br \/>elianesome4@gmail.com<\/p>\n<div class=\"td-a-rec td-a-rec-id-content_bottom tdi_31_cd5 td_block_template_1\"><img loading=\"lazy\" decoding=\"async\" class=\"aligncenter size-full wp-image-9623\" src=\"https:\/\/www.sidwaya.info\/wp-content\/uploads\/2019\/06\/Projet-bannie%CC%80re-Orange-mobile.jpg\" alt=\"\" width=\"728\" height=\"81\"\/><\/div>\n<p>Auteur: JK. Sidwaya<br \/>\n<a href=\"https:\/\/www.sidwaya.info\/blog\/2019\/12\/09\/25e-conference-des-parties-sur-le-climat-lafrique-affute-ses-armes-pour-consolider-des-acquis\/\">Cliquez ici pour lire l&rsquo;article depuis sa source.<\/a><\/p>\n","protected":false},"excerpt":{"rendered":"<p>Le porte-parole du groupe des n\u00e9gociateurs africains \u00e0 la COP 25, l\u2019ambassadeur Seyni Nafo s\u2019est dit optimiste quant \u00e0 l\u2019aboutissement des n\u00e9gociations. Le groupe des n\u00e9gociateurs africain a fait le point de l\u2019\u00e9tat d\u2019avancement des n\u00e9gociations de la 25e Conf\u00e9rence des parties \u00e0 la Convention-cadre des Nations unies sur les changements climatiques \u00e0 la Conf\u00e9rence [&hellip;]<\/p>\n","protected":false},"author":1816,"featured_media":0,"comment_status":"closed","ping_status":"closed","sticky":false,"template":"","format":"standard","meta":{"fifu_image_url":"","fifu_image_alt":"","footnotes":""},"categories":[73,81],"tags":[],"class_list":["post-69783","post","type-post","status-publish","format-standard","hentry","category-actualite","category-burkina-faso"],"_links":{"self":[{"href":"https:\/\/linitiative.ca\/International\/wp-json\/wp\/v2\/posts\/69783","targetHints":{"allow":["GET"]}}],"collection":[{"href":"https:\/\/linitiative.ca\/International\/wp-json\/wp\/v2\/posts"}],"about":[{"href":"https:\/\/linitiative.ca\/International\/wp-json\/wp\/v2\/types\/post"}],"author":[{"embeddable":true,"href":"https:\/\/linitiative.ca\/International\/wp-json\/wp\/v2\/users\/1816"}],"replies":[{"embeddable":true,"href":"https:\/\/linitiative.ca\/International\/wp-json\/wp\/v2\/comments?post=69783"}],"version-history":[{"count":0,"href":"https:\/\/linitiative.ca\/International\/wp-json\/wp\/v2\/posts\/69783\/revisions"}],"wp:attachment":[{"href":"https:\/\/linitiative.ca\/International\/wp-json\/wp\/v2\/media?parent=69783"}],"wp:term":[{"taxonomy":"category","embeddable":true,"href":"https:\/\/linitiative.ca\/International\/wp-json\/wp\/v2\/categories?post=69783"},{"taxonomy":"post_tag","embeddable":true,"href":"https:\/\/linitiative.ca\/International\/wp-json\/wp\/v2\/tags?post=69783"}],"curies":[{"name":"wp","href":"https:\/\/api.w.org\/{rel}","templated":true}]}}