{"id":69785,"date":"2019-12-09T17:36:55","date_gmt":"2019-12-09T22:36:55","guid":{"rendered":"https:\/\/linitiative.ca\/International\/11-decembre-a-tenkodogo-honneurs-presidentiels-a-tenkodogo\/"},"modified":"2019-12-09T17:36:55","modified_gmt":"2019-12-09T22:36:55","slug":"11-decembre-a-tenkodogo-honneurs-presidentiels-a-tenkodogo","status":"publish","type":"post","link":"https:\/\/linitiative.ca\/International\/11-decembre-a-tenkodogo-honneurs-presidentiels-a-tenkodogo\/","title":{"rendered":"11-D\u00e9cembre \u00e0 Tenkodogo :Honneurs pr\u00e9sidentiels \u00e0 Tenkodogo"},"content":{"rendered":"<div class=\"td-post-featured-image\" readability=\"35\"><a href=\"https:\/\/i2.wp.com\/www.sidwaya.info\/wp-content\/uploads\/2019\/12\/honneurs.gif?fit=787%2C525&#038;ssl=1\" data-caption=\"Autorit\u00e9s communales, r\u00e9gionales et coutumi\u00e8res ont souhait\u00e9 la bienvenue au pr\u00e9sident du Faso, Roch Kabor\u00e9.\"><img loading=\"lazy\" decoding=\"async\" width=\"696\" height=\"464\" class=\"entry-thumb td-modal-image\" src=\"https:\/\/i2.wp.com\/www.sidwaya.info\/wp-content\/uploads\/2019\/12\/honneurs.gif?resize=696%2C464&#038;ssl=1\" alt=\"\" title=\"honneurs\"\/><\/a>Autorit\u00e9s communales, r\u00e9gionales et coutumi\u00e8res ont souhait\u00e9 la bienvenue au pr\u00e9sident du Faso, Roch Kabor\u00e9.<\/div>\n<p><strong>Le pr\u00e9sident du Faso, Roch Marc Christian Kabor\u00e9, est arriv\u00e9 dans la cit\u00e9 de Zoungrantenga, dans la mi-journ\u00e9e du 9 d\u00e9cembre 2019. Il a re\u00e7u les honneurs des filles et fils de la r\u00e9gion venus l\u2019accueillir.<\/strong><\/p>\n<p>L\u2019axe Garango-Tenkodogo, \u00e0 la sortie Ouest de la cit\u00e9 de Zoungrantenga \u00e9tait bond\u00e9 de monde, hier lundi 9 d\u00e9cembre 2019. Une troupe de danse du terroir bissa, des acrobates, des motards, des personnes \u00e2g\u00e9es, des autorit\u00e9s coutumi\u00e8res, enfants jeunes\u2026 des membres du gouvernement, notamment le ministre en charge de l\u2019administration territoriale, Sim\u00e9on Sawadogo, celui de la Sant\u00e9, Claudine Lougu\u00e9 accompagn\u00e9s du gouverneur du Centre-Est, Antoine Ou\u00e9draogo, se sont mobilis\u00e9s sur cet axe pour accueillir le chef de l\u2019Etat, Roch Marc Christian Kabor\u00e9.<\/p>\n<div class=\"td-a-rec td-a-rec-id-content_inline tdi_30_0ee td_block_template_1\"><a href=\"https:\/\/www.sidwaya.info\/wp-content\/uploads\/2019\/12\/Bandeau-11-De%CC%81cembre-scaled.png\"><img loading=\"lazy\" decoding=\"async\" class=\"aligncenter size-full wp-image-17137\" src=\"https:\/\/www.sidwaya.info\/wp-content\/uploads\/2019\/12\/Bandeau-11-De%CC%81cembre-scaled.png\" alt=\"\" width=\"2560\" height=\"313\"\/><\/a><\/div>\n<p>Les agents de police, de gendarmerie et de la s\u00e9curit\u00e9 pr\u00e9sidentielle ont tent\u00e9 tant bien que mal d\u2019emp\u00eacher la foule de franchir le cordon de s\u00e9curit\u00e9. Avant l\u2019arriv\u00e9e du pr\u00e9sident du Faso, la troupe de danse a tenu en haleine pendant deux heures la population dont certains dansaient au rythme des tam-tams et autres instruments de musique traditionnelle. 11h puis 12h. Les heures s\u2019\u00e9gr\u00e8nent. Mais cette chaleur de \u00ab\u00a0plomb\u00a0\u00bb ne les dissuade gu\u00e8re. 13h 05. Le cort\u00e8ge pr\u00e9sidentiel s\u2019annonce \u00e0 l\u2019horizon.<\/p>\n<p>Les cris de joie fusent de partout. Le cort\u00e8ge marque un arr\u00eat. Le maire de Tenkodogo, Harouna Ou\u00e9logo remet la cl\u00e9 de sa cit\u00e9 au pr\u00e9sident du Faso sous un tonnerre d\u2019applaudissements. Roch Kabor\u00e9 va alors au contact de la foule venue l\u2019accueillir. Poign\u00e9es de main par-ci et par-l\u00e0. Dans ce bain de foule, tous veulent le toucher. \u00ab\u00a0Pr\u00e9si, pr\u00e9si, pr\u00e9si\u2026\u00a0\u00bb, crient, \u00e0 tue-t\u00eate, certains. D\u2019autres, par contre, sont pr\u00e9occup\u00e9s \u00e0 immortaliser cet \u00e9v\u00e8nement avec leur t\u00e9l\u00e9phone portable. Apr\u00e8s un demi-kilom\u00e8tre de marche et de communion avec les populations, Roch Kabor\u00e9 prend cong\u00e9 de ses h\u00f4tes. Direction, son pied-\u00e0-terre, sis \u00e0 la r\u00e9sidence du gouverneur du Centre-Est.<\/p>\n<p class=\"c1\"><strong>Abdel Aziz NABALOUM<\/strong><br \/>emirathe@yahoo.fr<\/p>\n<div class=\"td-a-rec td-a-rec-id-content_bottom tdi_31_7ce td_block_template_1\"><img loading=\"lazy\" decoding=\"async\" class=\"aligncenter size-full wp-image-9623\" src=\"https:\/\/www.sidwaya.info\/wp-content\/uploads\/2019\/06\/Projet-bannie%CC%80re-Orange-mobile.jpg\" alt=\"\" width=\"728\" height=\"81\"\/><\/div>\n<p>Auteur: JK. Sidwaya<br \/>\n<a href=\"https:\/\/www.sidwaya.info\/blog\/2019\/12\/09\/11-decembre-a-tenkodogo-honneurs-presidentiels-a-tenkodogo\/\">Cliquez ici pour lire l&rsquo;article depuis sa source.<\/a><\/p>\n","protected":false},"excerpt":{"rendered":"<p>Autorit\u00e9s communales, r\u00e9gionales et coutumi\u00e8res ont souhait\u00e9 la bienvenue au pr\u00e9sident du Faso, Roch Kabor\u00e9. Le pr\u00e9sident du Faso, Roch Marc Christian Kabor\u00e9, est arriv\u00e9 dans la cit\u00e9 de Zoungrantenga, dans la mi-journ\u00e9e du 9 d\u00e9cembre 2019. Il a re\u00e7u les honneurs des filles et fils de la r\u00e9gion venus l\u2019accueillir. L\u2019axe Garango-Tenkodogo, \u00e0 la [&hellip;]<\/p>\n","protected":false},"author":1816,"featured_media":0,"comment_status":"closed","ping_status":"closed","sticky":false,"template":"","format":"standard","meta":{"fifu_image_url":"","fifu_image_alt":"","footnotes":""},"categories":[73,81],"tags":[],"class_list":["post-69785","post","type-post","status-publish","format-standard","hentry","category-actualite","category-burkina-faso"],"_links":{"self":[{"href":"https:\/\/linitiative.ca\/International\/wp-json\/wp\/v2\/posts\/69785","targetHints":{"allow":["GET"]}}],"collection":[{"href":"https:\/\/linitiative.ca\/International\/wp-json\/wp\/v2\/posts"}],"about":[{"href":"https:\/\/linitiative.ca\/International\/wp-json\/wp\/v2\/types\/post"}],"author":[{"embeddable":true,"href":"https:\/\/linitiative.ca\/International\/wp-json\/wp\/v2\/users\/1816"}],"replies":[{"embeddable":true,"href":"https:\/\/linitiative.ca\/International\/wp-json\/wp\/v2\/comments?post=69785"}],"version-history":[{"count":0,"href":"https:\/\/linitiative.ca\/International\/wp-json\/wp\/v2\/posts\/69785\/revisions"}],"wp:attachment":[{"href":"https:\/\/linitiative.ca\/International\/wp-json\/wp\/v2\/media?parent=69785"}],"wp:term":[{"taxonomy":"category","embeddable":true,"href":"https:\/\/linitiative.ca\/International\/wp-json\/wp\/v2\/categories?post=69785"},{"taxonomy":"post_tag","embeddable":true,"href":"https:\/\/linitiative.ca\/International\/wp-json\/wp\/v2\/tags?post=69785"}],"curies":[{"name":"wp","href":"https:\/\/api.w.org\/{rel}","templated":true}]}}