{"id":69789,"date":"2019-12-09T16:18:04","date_gmt":"2019-12-09T21:18:04","guid":{"rendered":"https:\/\/linitiative.ca\/International\/guillaume-soro-et-guikahue-cites-dans-une-saisine-contestant-la-loi-sur-la-reforme-de-la-cei\/"},"modified":"2019-12-09T16:18:04","modified_gmt":"2019-12-09T21:18:04","slug":"guillaume-soro-et-guikahue-cites-dans-une-saisine-contestant-la-loi-sur-la-reforme-de-la-cei","status":"publish","type":"post","link":"https:\/\/linitiative.ca\/International\/guillaume-soro-et-guikahue-cites-dans-une-saisine-contestant-la-loi-sur-la-reforme-de-la-cei\/","title":{"rendered":"Guillaume Soro et Guikahu\u00e9 cit\u00e9s dans une saisine contestant la loi sur la r\u00e9forme de la CEI"},"content":{"rendered":"<div readability=\"32\">\n<p>Publi\u00e9 le 09.12.2019 \u00e0 22h18 par APA News<\/p>\n<\/div>\n<div readability=\"87\">\n<p>L\u2019ex-pr\u00e9sident de l\u2019Assembl\u00e9e nationale ivoirienne, Guillaume Soro, et le secr\u00e9taire ex\u00e9cutif en chef du Parti d\u00e9mocratique de C\u00f4te d\u2019Ivoire (Pdci, opposition), Kakou Guikahu\u00e9, sont cit\u00e9s dans une saisine contestant la loi sur la r\u00e9forme de la Commission \u00e9lectorale ind\u00e9pendante (CEI).Ces personnalit\u00e9s et sept autres, ayant tous pour Conseil le Cabinet \u00ab Blessy et Blessy \u00bb du barreau de C\u00f4te d\u2019Ivoire ont saisi la Cour africaine des droits de l\u2019homme et des peuples \u00e0 l\u2019effet de \u00ab surseoir provisoirement \u00e0 la mise en \u0153uvre des instances de la CEI telle que r\u00e9sultant de la loi querell\u00e9e jusqu\u2019\u00e0 ce que la Cour rende sa d\u00e9cision sur le fond \u00bb, a dit lundi \u00e0 Abidjan Mme Abdoulaye M\u00e9\u00efit\u00e9, avocat de l\u2019Etat ivoirien, face \u00e0 la presse.\u00a0<\/p>\n<p>Il s\u2019agit de \u00ab Guillaume Soro, Kakou Guikahu\u00e9, Dj\u00e9dj\u00e9 Mady Alphonse, Suy Bi Emile, Kouassi Kouam\u00e9 Patrice (avocat), Kouadio Francois (avocat), Yao Nguessan Justin Innocent secr\u00e9taire administratif, Gnonkont\u00e9 D\u00e9sir\u00e9 ing\u00e9nieur des travaux publics, Traz\u00e9r\u00e9 Olib\u00e9 C\u00e9lestine sans profession \u00bb, a-t-il pr\u00e9cis\u00e9. \u00a0<\/p>\n<p>Le 28 novembre dernier, la Cour africaine des droits de l\u2019Homme et des peuples a rendu une d\u00e9cision dans l\u2019affaire Suy Bi Emile et huit autres contre la R\u00e9publique de C\u00f4te d\u2019Ivoire dans le cadre des contestations et griefs \u00e9lev\u00e9es contre la loi du 5 ao\u00fbt 2019 portant recomposition de la CEI.<\/p>\n<p>La Cour, dans son ordonnance, a estim\u00e9 que la demande de sursis imm\u00e9diat \u00e0 la mise en \u0153uvre des instances de la CEI est sans objet suite \u00e0 la mise en place constat\u00e9e de la Commission centrale et de la d\u00e9signation effective de ses membres ainsi que les personnalit\u00e9s propos\u00e9es par les diff\u00e9rents organes officiels.\u00a0<\/p>\n<p>Selon l\u2019ordonnance, la Cour juge que \u00ab les circonstances de l\u2019espace ne r\u00e9v\u00e8lent pas d\u2019une situation dont la gravit\u00e9 et l\u2019urgence pr\u00e9senteraient un risque de dommages irr\u00e9parables \u00bb. En cons\u00e9quence elle a rejet\u00e9 la demande. \u00a0\u00a0<\/p>\n<p>Suite \u00e0 une d\u00e9cision sur saisine de l\u2019ONG Action pour la protection des droits de l\u2019Homme (APDH), la Cour avait rendu le 18 novembre 2016 un arr\u00eat qui mettait en cause la composition de la CEI au motif que cet organe \u00e9tait \u00ab d\u00e9s\u00e9quilibr\u00e9 \u00bb au point o\u00f9 son ind\u00e9pendance et son impartialit\u00e9 \u00e9taient suspect\u00e9es.<\/p>\n<p>Les juges avaient ordonn\u00e9 \u00e0 la R\u00e9publique de C\u00f4te d\u2019Ivoire de modifier la loi sur la CEI en vue de la rendre conforme aux instruments internationaux de protection des droits de l\u2019Homme que sont la Charte africaine des droits de l\u2019Homme et des peuples et le protocole de la Cedeao sur la d\u00e9mocratie.\u00a0<\/p>\n<\/div>\n<p>Auteur: APA News<br \/>\n<a href=\"https:\/\/www.journalducameroun.com\/guillaume-soro-et-guikahue-cites-dans-une-saisine-contestant-la-loi-sur-la-reforme-de-la-cei\/\">Cliquez ici pour lire l&rsquo;article depuis sa source.<\/a><\/p>\n","protected":false},"excerpt":{"rendered":"<p>Publi\u00e9 le 09.12.2019 \u00e0 22h18 par APA News L\u2019ex-pr\u00e9sident de l\u2019Assembl\u00e9e nationale ivoirienne, Guillaume Soro, et le secr\u00e9taire ex\u00e9cutif en chef du Parti d\u00e9mocratique de C\u00f4te d\u2019Ivoire (Pdci, opposition), Kakou Guikahu\u00e9, sont cit\u00e9s dans une saisine contestant la loi sur la r\u00e9forme de la Commission \u00e9lectorale ind\u00e9pendante (CEI).Ces personnalit\u00e9s et sept autres, ayant tous pour [&hellip;]<\/p>\n","protected":false},"author":1965,"featured_media":0,"comment_status":"closed","ping_status":"closed","sticky":false,"template":"","format":"standard","meta":{"fifu_image_url":"","fifu_image_alt":"","footnotes":""},"categories":[73,82],"tags":[],"class_list":["post-69789","post","type-post","status-publish","format-standard","hentry","category-actualite","category-cameroun"],"_links":{"self":[{"href":"https:\/\/linitiative.ca\/International\/wp-json\/wp\/v2\/posts\/69789","targetHints":{"allow":["GET"]}}],"collection":[{"href":"https:\/\/linitiative.ca\/International\/wp-json\/wp\/v2\/posts"}],"about":[{"href":"https:\/\/linitiative.ca\/International\/wp-json\/wp\/v2\/types\/post"}],"author":[{"embeddable":true,"href":"https:\/\/linitiative.ca\/International\/wp-json\/wp\/v2\/users\/1965"}],"replies":[{"embeddable":true,"href":"https:\/\/linitiative.ca\/International\/wp-json\/wp\/v2\/comments?post=69789"}],"version-history":[{"count":0,"href":"https:\/\/linitiative.ca\/International\/wp-json\/wp\/v2\/posts\/69789\/revisions"}],"wp:attachment":[{"href":"https:\/\/linitiative.ca\/International\/wp-json\/wp\/v2\/media?parent=69789"}],"wp:term":[{"taxonomy":"category","embeddable":true,"href":"https:\/\/linitiative.ca\/International\/wp-json\/wp\/v2\/categories?post=69789"},{"taxonomy":"post_tag","embeddable":true,"href":"https:\/\/linitiative.ca\/International\/wp-json\/wp\/v2\/tags?post=69789"}],"curies":[{"name":"wp","href":"https:\/\/api.w.org\/{rel}","templated":true}]}}