{"id":69790,"date":"2019-12-09T16:50:02","date_gmt":"2019-12-09T21:50:02","guid":{"rendered":"https:\/\/linitiative.ca\/International\/la-tension-monte-entre-washington-et-pyongyang-avant-lultimatum-du-nouvel-an\/"},"modified":"2019-12-09T16:50:02","modified_gmt":"2019-12-09T21:50:02","slug":"la-tension-monte-entre-washington-et-pyongyang-avant-lultimatum-du-nouvel-an","status":"publish","type":"post","link":"https:\/\/linitiative.ca\/International\/la-tension-monte-entre-washington-et-pyongyang-avant-lultimatum-du-nouvel-an\/","title":{"rendered":"La tension monte entre Washington et Pyongyang avant l\u2019ultimatum du Nouvel An"},"content":{"rendered":"<div readability=\"32\">\n<p>Publi\u00e9 le 09.12.2019 \u00e0 22h50 par AFP<\/p>\n<\/div>\n<div readability=\"156\">\n<p>Le ton a continu\u00e9 de monter lundi entre les Etats-Unis et la Cor\u00e9e du Nord qui, \u00e0 l\u2019approche d\u2019un ultimatum fix\u00e9 par Pyongyang \u00e0 Washington pour la fin de l\u2019ann\u00e9e, risquent de renouer avec les tensions extr\u00eames de 2017.<\/p>\n<p>Apr\u00e8s avoir fait le dos rond face \u00e0 la multiplication des tirs de missiles nord-cor\u00e9ens de courte et moyenne port\u00e9e ces derniers mois, l\u2019administration de Donald Trump a chang\u00e9 d\u2019attitude apr\u00e8s le myst\u00e9rieux essai annonc\u00e9 dimanche par Pyongyang.<\/p>\n<p>Washington a demand\u00e9 lundi une r\u00e9union publique du Conseil de s\u00e9curit\u00e9 des Nations unies sur les \u00ab\u00a0tirs de missiles et la possibilit\u00e9 d\u2019une escalade dans les provocations de la Cor\u00e9e du Nord\u00a0\u00bb, qui aura lieu mercredi.<\/p>\n<p>Le r\u00e9gime nord-cor\u00e9en a \u00e9voqu\u00e9, sans plus de pr\u00e9cisions, un \u00ab\u00a0test tr\u00e8s important\u00a0\u00bb cens\u00e9 changer le \u00ab\u00a0statut strat\u00e9gique\u00a0\u00bb du pays reclus d\u2019Asie de l\u2019Est. D\u00e9tail important: l\u2019essai aurait \u00e9t\u00e9 men\u00e9 depuis sa base de lancement de satellites de Sohae, celle-l\u00e0 m\u00eame dont le dirigeant nord-cor\u00e9en Kim Jong Un avait promis la fermeture en 2018 \u2014 un des seuls gages concrets donn\u00e9s aux Am\u00e9ricains dans les n\u00e9gociations sur le d\u00e9sarmement nucl\u00e9aire de la Cor\u00e9e du Nord.<\/p>\n<p>Parall\u00e8lement, les \u00e9changes verbaux rappellent de plus en plus les menaces et insultes \u00e9chang\u00e9es avant le r\u00e9chauffement spectaculaire de 2018 et les trois rencontres historiques entre Donald Trump et Kim Jong Un.<\/p>\n<p>\u00ab\u00a0Kim Jong Un est trop intelligent et a beaucoup trop \u00e0 perdre, voire tout, \u00e0 agir de fa\u00e7on hostile\u00a0\u00bb, a pr\u00e9venu dimanche le pr\u00e9sident am\u00e9ricain.<\/p>\n<p>\u2013 \u00ab\u00a0Vieillard irr\u00e9fl\u00e9chi\u00a0\u00bb \u2013<\/p>\n<p>De son c\u00f4t\u00e9, le pouvoir nord-cor\u00e9en s\u2019en est pris ces derniers jours directement au locataire de la Maison Blanche, pour la premi\u00e8re fois depuis les tensions de 2017, alors qu\u2019il prenait jusqu\u2019ici bien garde \u00e0 n\u2019attaquer que son entourage, comme le secr\u00e9taire d\u2019Etat Mike Pompeo ou l\u2019ex-conseiller John Bolton.<\/p>\n<p>Kim Yong Chol, un tr\u00e8s haut responsable de Pyongyang en premi\u00e8re ligne dans les n\u00e9gociations jusqu\u2019en d\u00e9but d\u2019ann\u00e9e, a raill\u00e9 lundi le \u00ab\u00a0bluff\u00a0\u00bb et les \u00ab\u00a0mots et tournures bizarres\u00a0\u00bb de Donald Trump, le qualifiant de \u00ab\u00a0vieillard d\u00e9pourvu de patience\u00a0\u00bb, \u00ab\u00a0irr\u00e9fl\u00e9chi et incoh\u00e9rent\u00a0\u00bb.<\/p>\n<p>La semaine derni\u00e8re, les Nord-Cor\u00e9ens avaient d\u00e9j\u00e0 fait mine de s\u2019inqui\u00e9ter d\u2019une \u00ab\u00a0rechute\u00a0\u00bb du \u00ab\u00a0g\u00e2teux\u00a0\u00bb, comme Kim Jong Un avait nomm\u00e9 le pr\u00e9sident des Etats-Unis avant leur premi\u00e8re rencontre.<\/p>\n<p>Ce sommet, en juin 2018, avait permis de lancer des n\u00e9gociations, scell\u00e9es par une d\u00e9claration d\u2019intentions \u00e9voquant une \u00ab\u00a0d\u00e9nucl\u00e9arisation compl\u00e8te de la p\u00e9ninsule cor\u00e9enne\u00a0\u00bb.<\/p>\n<p>Mais depuis, malgr\u00e9 deux autres rencontres, les pourparlers sont dans l\u2019impasse: Donald Trump exige que Kim Jong Un renonce d\u2019embl\u00e9e \u00e0 tout son arsenal atomique, alors que ce dernier r\u00e9clame une approche progressive pr\u00e9voyant une lev\u00e9e rapide d\u2019au moins une partie des sanctions internationales qui \u00e9tranglent son \u00e9conomie.<\/p>\n<p>Pyongyang a donc donn\u00e9 \u00e0 Washington jusqu\u2019\u00e0 la fin de l\u2019ann\u00e9e pour changer d\u2019approche, promettant un \u00ab\u00a0cadeau de No\u00ebl\u00a0\u00bb rempli de menaces si le statu quo devait se poursuivre.<\/p>\n<p>\u2013 \u00ab\u00a0La collision semble in\u00e9vitable\u00a0\u00bb \u2013<\/p>\n<p>\u00ab\u00a0Ce n\u2019est pas du bluff. La Cor\u00e9e du Nord tente d\u2019augmenter la pression sur le pr\u00e9sident Trump et son gouvernement pour qu\u2019ils aient une approche plus flexible\u00a0\u00bb, dit \u00e0 l\u2019AFP Frank Aum, ancien du Pentagone.<\/p>\n<p>Selon cet expert du cercle de r\u00e9flexion US Institute of Peace, Pyongyang \u00ab\u00a0a compris que les Etats-Unis se contenteraient bien de prolonger la situation actuelle durant des ann\u00e9es\u00a0\u00bb, mettant en avant l\u2019extraordinaire baisse des tensions militaires sans rel\u00e2cher la pression \u00e9conomique. Or, Kim Jong Un a besoin d\u2019une lev\u00e9e des sanctions.<\/p>\n<p>Le probl\u00e8me, poursuit Frank Aum, c\u2019est que \u00ab\u00a0la Cor\u00e9e du Nord est dos au mur\u00a0\u00bb: \u00ab\u00a0elle va devoir faire quelque chose apr\u00e8s l\u2019ultimatum du Nouvel An, pour ne pas avoir l\u2019air b\u00eate, mais sans aller trop loin pour ne pas s\u2019attirer des repr\u00e9sailles s\u00e9v\u00e8res des Etats-Unis et de la Chine\u00a0\u00bb.<\/p>\n<p>Renouer avec les tirs de missiles intercontinentaux ou m\u00eame les essais nucl\u00e9aires \u00e0 moins d\u2019un an de la pr\u00e9sidentielle am\u00e9ricaine obligerait Washington \u00e0 riposter d\u2019une mani\u00e8re ou d\u2019une autre.<\/p>\n<p>\u00ab\u00a0C\u2019est une situation tr\u00e8s difficile, car les deux parties ne peuvent pas faire des concessions sans avoir l\u2019air faibles\u00a0\u00bb, rench\u00e9rit Vipin Narang, sp\u00e9cialiste du dossier nord-cor\u00e9en au Massachusetts Institute of Technology. A moins que Donald Trump accepte un accord progressif visant avant tout \u00e0 \u00ab\u00a0ralentir le programme nucl\u00e9aire nord-cor\u00e9en\u00a0\u00bb, \u00ab\u00a0la collision semble in\u00e9vitable\u00a0\u00bb, redoute-t-il.<\/p>\n<p>\u00ab\u00a0On risque de retomber dans les tensions de 2017, mais en pire, car cette fois il n\u2019y a plus de sortie de secours diplomatique, puisqu\u2019on a \u00e9puis\u00e9 l\u2019option extr\u00eame des sommets pr\u00e9sidentiels\u00a0\u00bb, explique-t-il \u00e0 l\u2019AFP.<\/p>\n<\/div>\n<p>Auteur: AFP<br \/>\n<a href=\"https:\/\/www.journalducameroun.com\/la-tension-monte-entre-washington-et-pyongyang-avant-lultimatum-du-nouvel-an\/\">Cliquez ici pour lire l&rsquo;article depuis sa source.<\/a><\/p>\n","protected":false},"excerpt":{"rendered":"<p>Publi\u00e9 le 09.12.2019 \u00e0 22h50 par AFP Le ton a continu\u00e9 de monter lundi entre les Etats-Unis et la Cor\u00e9e du Nord qui, \u00e0 l\u2019approche d\u2019un ultimatum fix\u00e9 par Pyongyang \u00e0 Washington pour la fin de l\u2019ann\u00e9e, risquent de renouer avec les tensions extr\u00eames de 2017. Apr\u00e8s avoir fait le dos rond face \u00e0 la [&hellip;]<\/p>\n","protected":false},"author":1965,"featured_media":0,"comment_status":"closed","ping_status":"closed","sticky":false,"template":"","format":"standard","meta":{"fifu_image_url":"","fifu_image_alt":"","footnotes":""},"categories":[73,82],"tags":[],"class_list":["post-69790","post","type-post","status-publish","format-standard","hentry","category-actualite","category-cameroun"],"_links":{"self":[{"href":"https:\/\/linitiative.ca\/International\/wp-json\/wp\/v2\/posts\/69790","targetHints":{"allow":["GET"]}}],"collection":[{"href":"https:\/\/linitiative.ca\/International\/wp-json\/wp\/v2\/posts"}],"about":[{"href":"https:\/\/linitiative.ca\/International\/wp-json\/wp\/v2\/types\/post"}],"author":[{"embeddable":true,"href":"https:\/\/linitiative.ca\/International\/wp-json\/wp\/v2\/users\/1965"}],"replies":[{"embeddable":true,"href":"https:\/\/linitiative.ca\/International\/wp-json\/wp\/v2\/comments?post=69790"}],"version-history":[{"count":0,"href":"https:\/\/linitiative.ca\/International\/wp-json\/wp\/v2\/posts\/69790\/revisions"}],"wp:attachment":[{"href":"https:\/\/linitiative.ca\/International\/wp-json\/wp\/v2\/media?parent=69790"}],"wp:term":[{"taxonomy":"category","embeddable":true,"href":"https:\/\/linitiative.ca\/International\/wp-json\/wp\/v2\/categories?post=69790"},{"taxonomy":"post_tag","embeddable":true,"href":"https:\/\/linitiative.ca\/International\/wp-json\/wp\/v2\/tags?post=69790"}],"curies":[{"name":"wp","href":"https:\/\/api.w.org\/{rel}","templated":true}]}}