{"id":69791,"date":"2019-12-09T17:18:03","date_gmt":"2019-12-09T22:18:03","guid":{"rendered":"https:\/\/linitiative.ca\/International\/signature-a-abidjan-dune-convention-pour-construire-la-plus-grande-centrale-electrique-a-biomasse-de-lafrique-de-louest\/"},"modified":"2019-12-09T17:18:03","modified_gmt":"2019-12-09T22:18:03","slug":"signature-a-abidjan-dune-convention-pour-construire-la-plus-grande-centrale-electrique-a-biomasse-de-lafrique-de-louest","status":"publish","type":"post","link":"https:\/\/linitiative.ca\/International\/signature-a-abidjan-dune-convention-pour-construire-la-plus-grande-centrale-electrique-a-biomasse-de-lafrique-de-louest\/","title":{"rendered":"Signature \u00e0 Abidjan d\u2019une convention pour construire la plus grande centrale \u00e9lectrique \u00e0 biomasse de l\u2019Afrique de l\u2019ouest"},"content":{"rendered":"<div readability=\"32\">\n<p>Publi\u00e9 le 09.12.2019 \u00e0 23h18 par APA News<\/p>\n<\/div>\n<div readability=\"77\">\n<p>Le ministre ivoirien du p\u00e9trole, de l\u2019\u00e9nergie et des \u00e9nergies renouvelables, Abdourahmane Ciss\u00e9 a sign\u00e9 lundi \u00e0 Abidjan une convention avec la soci\u00e9t\u00e9 Biovea \u00c9nergie pour la construction \u00e0 Aboisso ( Sud-Est ivoirien) de la plus grande centrale \u00e9lectrique \u00e0 biomasse de l\u2019Afrique de l\u2019ouest d\u2019un co\u00fbt d\u2019environ 129 milliards FCFA, a constat\u00e9 APA sur place.La pose de la premi\u00e8re pierre de ce projet qui impactera positivement pr\u00e8s de 12 000 planteurs aura lieu au troisi\u00e8me trimestre 2020 et les travaux dureront 3 ans.<\/p>\n<p>\u00a0Situ\u00e9 dans le Sud Como\u00e9, \u00ab ce projet est tr\u00e8s important. C\u2019est la plus grande centrale \u00e0 Biomasse d\u2019Afrique de l\u2019Ouest. Donc la C\u00f4te d\u2019Ivoire \u00e0 travers ce projet imprime sa marque et son positionnement en tant qu\u2019acteur majeur de la production d\u2019\u00e9nergie en Afrique \u00bb, a expliqu\u00e9 le ministre Ciss\u00e9 apr\u00e8s la signature de cette convention.\u00a0<\/p>\n<p>C\u2019est un projet qui est situ\u00e9 dans le Sud Como\u00e9. C\u2019est un projet de 46 m\u00e9gawatts \u00e0 base de r\u00e9sidu de palmier \u00e0 huile qui permettra de cr\u00e9er au moins 500 emplois directs en phase de construction et environ 1000 emplois directs et indirects en phase d\u2019exploitation.<\/p>\n<p>\u00ab C\u2019est un projet qui est tr\u00e8s important avec environ 129 milliards FCFA qui seront investis. Le prix de l\u2019\u00e9nergie qui sera produite sera de 61, 99 FCFA le KWh. Il \u00a0permettra \u00e0 la C\u00f4te d\u2019Ivoire d\u2019atteindre ses objectifs en mati\u00e8re de d\u00e9veloppement d\u2019\u00e9nergies renouvelables \u00bb, a ajout\u00e9 M. Ciss\u00e9.<\/p>\n<p>\u00a0Le projet commencera l\u2019ann\u00e9e prochaine au troisi\u00e8me trimestre 2020. \u00ab Nous allons ensemble proc\u00e9der \u00e0 la pose de la premi\u00e8re pierre et nous esp\u00e9rons que les d\u00e9lais seront respect\u00e9s de sorte \u00e0 ce que nous puissions mettre en service cette centrale en 2023\u00bb, a-t-il poursuivi.<\/p>\n<p>\u00a0\u00ab La construction de cette centrale \u00e9lectrique \u00e0 base de biomasse \u00a0permettra d\u2019alimenter l\u2019\u00e9quivalent de 315 000 foyers, soit plus de 1 700 000 personnes. Mais au-del\u00e0 d\u2019un projet, Biovea \u00e9nergie, c\u2019est aussi un projet d\u2019\u00e9nergie circulaire avec un impact environnemental et social important et qui s\u2019inscrit dans la dur\u00e9e. C\u2019est 4,5 millions de tonnes de CO\u00b2 \u00e9vit\u00e9s en 25 ans d\u2019exploitation\u00bb, \u00a0a indiqu\u00e9 pour sa part Rapha\u00ebl Ruat, le directeur g\u00e9n\u00e9ral de Biovea \u00c9nergie.<\/p>\n<p>Poursuivant, il a assur\u00e9 que cette signature de convention marque avec la C\u00f4te d\u2019Ivoire le d\u00e9but d\u2019une \u00ab longue coop\u00e9ration \u00bb. La C\u00f4te d\u2019Ivoire ambitionne d\u2019atteindre un taux de mix \u00e9nerg\u00e9tique de 42% \u00e0 l\u2019horizon 2030.<\/p>\n<\/div>\n<p>Auteur: APA News<br \/>\n<a href=\"https:\/\/www.journalducameroun.com\/signature-a-abidjan-dune-convention-pour-construire-la-plus-grande-centrale-electrique-a-biomasse-de-lafrique-de-louest\/\">Cliquez ici pour lire l&rsquo;article depuis sa source.<\/a><\/p>\n","protected":false},"excerpt":{"rendered":"<p>Publi\u00e9 le 09.12.2019 \u00e0 23h18 par APA News Le ministre ivoirien du p\u00e9trole, de l\u2019\u00e9nergie et des \u00e9nergies renouvelables, Abdourahmane Ciss\u00e9 a sign\u00e9 lundi \u00e0 Abidjan une convention avec la soci\u00e9t\u00e9 Biovea \u00c9nergie pour la construction \u00e0 Aboisso ( Sud-Est ivoirien) de la plus grande centrale \u00e9lectrique \u00e0 biomasse de l\u2019Afrique de l\u2019ouest d\u2019un co\u00fbt [&hellip;]<\/p>\n","protected":false},"author":1965,"featured_media":0,"comment_status":"closed","ping_status":"closed","sticky":false,"template":"","format":"standard","meta":{"fifu_image_url":"","fifu_image_alt":"","footnotes":""},"categories":[73,82],"tags":[],"class_list":["post-69791","post","type-post","status-publish","format-standard","hentry","category-actualite","category-cameroun"],"_links":{"self":[{"href":"https:\/\/linitiative.ca\/International\/wp-json\/wp\/v2\/posts\/69791","targetHints":{"allow":["GET"]}}],"collection":[{"href":"https:\/\/linitiative.ca\/International\/wp-json\/wp\/v2\/posts"}],"about":[{"href":"https:\/\/linitiative.ca\/International\/wp-json\/wp\/v2\/types\/post"}],"author":[{"embeddable":true,"href":"https:\/\/linitiative.ca\/International\/wp-json\/wp\/v2\/users\/1965"}],"replies":[{"embeddable":true,"href":"https:\/\/linitiative.ca\/International\/wp-json\/wp\/v2\/comments?post=69791"}],"version-history":[{"count":0,"href":"https:\/\/linitiative.ca\/International\/wp-json\/wp\/v2\/posts\/69791\/revisions"}],"wp:attachment":[{"href":"https:\/\/linitiative.ca\/International\/wp-json\/wp\/v2\/media?parent=69791"}],"wp:term":[{"taxonomy":"category","embeddable":true,"href":"https:\/\/linitiative.ca\/International\/wp-json\/wp\/v2\/categories?post=69791"},{"taxonomy":"post_tag","embeddable":true,"href":"https:\/\/linitiative.ca\/International\/wp-json\/wp\/v2\/tags?post=69791"}],"curies":[{"name":"wp","href":"https:\/\/api.w.org\/{rel}","templated":true}]}}