{"id":69792,"date":"2019-12-10T08:05:47","date_gmt":"2019-12-10T13:05:47","guid":{"rendered":"https:\/\/linitiative.ca\/International\/energies-vertes-et-de-cinq-pour-le-salon-international-de-pompage-solaire-et-des-energies-vertes\/"},"modified":"2019-12-10T08:05:47","modified_gmt":"2019-12-10T13:05:47","slug":"energies-vertes-et-de-cinq-pour-le-salon-international-de-pompage-solaire-et-des-energies-vertes","status":"publish","type":"post","link":"https:\/\/linitiative.ca\/International\/energies-vertes-et-de-cinq-pour-le-salon-international-de-pompage-solaire-et-des-energies-vertes\/","title":{"rendered":"Energies vertes : Et de cinq pour le Salon international de pompage solaire et des \u00e9nergies vertes"},"content":{"rendered":"<p><img decoding=\"async\" class=\"post_layout_5_img\" src=\"http:\/\/aujourdhui.ma\/wp-content\/uploads\/2019\/12\/Agadir-Energie-Solaire.jpg?x29840\" alt=\"Energies vertes : Et de cinq pour le Salon international de pompage solaire et des \u00e9nergies vertes\"\/><\/p>\n<p class=\"p1\"><span class=\"s1 c4\"><strong>Le SIPSEV propose une plate-forme de d\u00e9bat et une opportunit\u00e9 pour les organismes participants d\u2019appuyer leurs produits et services pour am\u00e9liorer le rendement agricole du Royaume, les incitant \u00e0 ancrer davantage la strat\u00e9gie nationale du Plan Maroc Vert.<\/strong><\/span><span id=\"more-326187\"\/><\/p>\n<p class=\"p1\"><span class=\"s1\">Plac\u00e9 sous l\u2019\u00e9gide du minist\u00e8re de l\u2019\u00e9nergie, des mines et de l\u2019environnement, sponsoris\u00e9 par l\u2019Agence marocaine pour l\u2019efficacit\u00e9 \u00e9nerg\u00e9tique (AMEE) et en partenariat avec le Conseil r\u00e9gional Souss-Massa, la commune d\u2019Agadir, les associations professionnelles des \u00e9nergies renouvelables, les universit\u00e9s et les Chambres de commerce, d\u2019industrie \u00e9trang\u00e8res, le SIPSEV conna\u00eetra pour cette cinqui\u00e8me \u00e9dition la participation d\u2019un parterre d\u2019experts marocains et \u00e9trangers.<\/span><\/p>\n<p class=\"p1\"><span class=\"s1\"><em>\u00abLe SIPSEV propose une plate-forme de d\u00e9bat et une opportunit\u00e9 pour les organismes participants d\u2019appuyer leurs produits et services pour am\u00e9liorer le rendement agricole du Royaume, les incitant \u00e0 ancrer davantage la strat\u00e9gie nationale du Plan Maroc Vert. Les objectifs principaux du SIPSEV sont la promotion de l\u2019adoption des syst\u00e8mes de pompage solaire, le renforcement des capacit\u00e9s des acteurs concern\u00e9s, la sensibilisation des op\u00e9rateurs et agriculteurs, la promotion des m\u00e9canismes de financement et la contribution \u00e0 la normalisation des installations solaires\u00bb<\/em>, souligne un communiqu\u00e9 des organisateurs. Et de poursuivre qu\u2019<em>\u00abapr\u00e8s quatre \u00e9ditions r\u00e9ussies, le SIPSEV a pu produire un v\u00e9ritable impact dans les domaines des \u00e9nergies vertes, en particulier le pompage solaire. Cet espace d\u2019apprentissage et de promotion se voit grandir en ampleur et en exp\u00e9rience pour mieux informer et accompagner les agriculteurs, les professionnels, les institutionnels et les entreprises aux niveaux r\u00e9gional, national et international\u00bb.<\/em><\/span><\/p>\n<p class=\"p1\"><span class=\"s1\">L\u2019attrait international de SIPSEV lui permet de se positionner en tant qu\u2019agent vecteur d\u2019\u00e9change et de partenariat qui fa\u00e7onne un terrain d\u2019entente et de partage d\u2019informations pour le profit de ses participants. Dans ses efforts d\u2019ouverture et d\u2019implication panafricaine dans l\u2019adoption des \u00e9nergies vertes, le salon pr\u00e9voit d\u2019accueillir une d\u00e9l\u00e9gation africaine pour favoriser et faciliter l\u2019\u00e9change des connaissances des exp\u00e9riences, ainsi qu\u2019une vari\u00e9t\u00e9 d\u2019exposants, notamment des entreprises nationales et internationales, des universit\u00e9s, des \u00e9coles d\u2019enseignement sup\u00e9rieur, des soci\u00e9t\u00e9s civiles et des institutions gouvernementales. En parall\u00e8le, plusieurs activit\u00e9s sont au menu pour favoriser une aisance dans l\u2019aboutissement des informations\u00a0: des conf\u00e9rences, des formations, des ateliers, des conventions, des visites terrain. En marge du salon se tiendra un forum des emplois verts. Une premi\u00e8re au niveau r\u00e9gional qui cherche \u00e0 fournir un espace adapt\u00e9 et efficient pour faciliter les d\u00e9marches de recrutement dans les domaines des \u00e9nergies renouvelables au profit des jeunes chercheurs d\u2019emploi et les entreprises.<\/span><\/p>\n<p class=\"p1\"><span class=\"s1\">Un concours de courts-m\u00e9trages verts (CC-MV) sera \u00e9galement organis\u00e9, qui porte son regard sur les jeunes talents de la r\u00e9gion du Souss-Massa pour leur permettre de faire montre de leur cr\u00e9ativit\u00e9, en sensibilisant les agriculteurs du Souss aux diverses dimensions b\u00e9n\u00e9fiques qui se manifestent \u00e0 travers l\u2019adoption des \u00e9nergies alternatives, en g\u00e9n\u00e9ral, et le pompage solaire en particulier.<\/span><\/p>\n<p>Auteur: Mohamed Laabid<br \/>\n<a href=\"http:\/\/aujourdhui.ma\/economie\/energies-vertes-et-de-cinq-pour-le-salon-international-de-pompage-solaire-et-des-energies-vertes\">Cliquez ici pour lire l&rsquo;article depuis sa source.<\/a><\/p>\n","protected":false},"excerpt":{"rendered":"<p>Le SIPSEV propose une plate-forme de d\u00e9bat et une opportunit\u00e9 pour les organismes participants d\u2019appuyer leurs produits et services pour am\u00e9liorer le rendement agricole du Royaume, les incitant \u00e0 ancrer davantage la strat\u00e9gie nationale du Plan Maroc Vert. Plac\u00e9 sous l\u2019\u00e9gide du minist\u00e8re de l\u2019\u00e9nergie, des mines et de l\u2019environnement, sponsoris\u00e9 par l\u2019Agence marocaine pour [&hellip;]<\/p>\n","protected":false},"author":1759,"featured_media":0,"comment_status":"closed","ping_status":"closed","sticky":false,"template":"","format":"standard","meta":{"fifu_image_url":"","fifu_image_alt":"","footnotes":""},"categories":[73,54],"tags":[],"class_list":["post-69792","post","type-post","status-publish","format-standard","hentry","category-actualite","category-maroc"],"_links":{"self":[{"href":"https:\/\/linitiative.ca\/International\/wp-json\/wp\/v2\/posts\/69792","targetHints":{"allow":["GET"]}}],"collection":[{"href":"https:\/\/linitiative.ca\/International\/wp-json\/wp\/v2\/posts"}],"about":[{"href":"https:\/\/linitiative.ca\/International\/wp-json\/wp\/v2\/types\/post"}],"author":[{"embeddable":true,"href":"https:\/\/linitiative.ca\/International\/wp-json\/wp\/v2\/users\/1759"}],"replies":[{"embeddable":true,"href":"https:\/\/linitiative.ca\/International\/wp-json\/wp\/v2\/comments?post=69792"}],"version-history":[{"count":0,"href":"https:\/\/linitiative.ca\/International\/wp-json\/wp\/v2\/posts\/69792\/revisions"}],"wp:attachment":[{"href":"https:\/\/linitiative.ca\/International\/wp-json\/wp\/v2\/media?parent=69792"}],"wp:term":[{"taxonomy":"category","embeddable":true,"href":"https:\/\/linitiative.ca\/International\/wp-json\/wp\/v2\/categories?post=69792"},{"taxonomy":"post_tag","embeddable":true,"href":"https:\/\/linitiative.ca\/International\/wp-json\/wp\/v2\/tags?post=69792"}],"curies":[{"name":"wp","href":"https:\/\/api.w.org\/{rel}","templated":true}]}}