{"id":69797,"date":"2019-12-10T05:28:12","date_gmt":"2019-12-10T10:28:12","guid":{"rendered":"https:\/\/linitiative.ca\/International\/lalla-aicha-de-mohamed-el-badaoui-projete-en-avant-premiere-au-fifm\/"},"modified":"2019-12-10T05:28:12","modified_gmt":"2019-12-10T10:28:12","slug":"lalla-aicha-de-mohamed-el-badaoui-projete-en-avant-premiere-au-fifm","status":"publish","type":"post","link":"https:\/\/linitiative.ca\/International\/lalla-aicha-de-mohamed-el-badaoui-projete-en-avant-premiere-au-fifm\/","title":{"rendered":"\u00abLalla A\u00efcha\u00bb de Mohamed El Badaoui, projet\u00e9 en avant premi\u00e8re au FIFM"},"content":{"rendered":"<p class=\"has-text-color has-vivid-cyan-blue-color\"><strong>Le public de la 18<\/strong><sup><strong>e<\/strong><\/sup><strong>\u00a0\u00e9dition du FIFM a eu droit \u00e0 une projection du film Lalla A\u00efcha du jeune r\u00e9alisateur, Mohamed El Badaoui.<\/strong><\/p>\n<p>En effet, le film qui a \u00e9t\u00e9 projet\u00e9 en avant premi\u00e8re mondiale \u00e0 la ville ocre est un vibrant hommage aux femmes. Un hommage poignant, surtout \u00e0 l\u2019endroit de la m\u00e8re qui m\u00e8ne des luttes acharn\u00e9es au quotidien dans des conditions dures et complexes.\u00a0 En outre, cette production cin\u00e9matographique a \u00e9t\u00e9 tourn\u00e9e dans une plage du Nord marocain, plus pr\u00e9cis\u00e9ment \u00e0 la ville d\u2019Al Hoce\u00efma. \u00abJe voudrais \u00e0 travers ce film rendre hommage \u00e0 la femme de ma r\u00e9gion, et surtout \u00e0 toutes les m\u00e8res du monde. C\u2019est un hommage aussi \u00a0\u00e0 la mer et \u00e0 la beaut\u00e9 de la ville d\u2019Al Hoce\u00efma et ses plages\u00bb, nous \u00a0confie le jeune r\u00e9alisateur dans une interview.<\/p>\n<p>Le film relate l\u2019histoire du couple A\u00efcha et Aghilas qui gagnait leur vie gr\u00e2ce \u00e0 la p\u00eache, jusqu\u2019\u00e0 ce que des dauphins arrivent en nombre dans les eaux c\u00f4ti\u00e8res, provoquant dans la foul\u00e9e une grave p\u00e9nurie de poissons. Ce ph\u00e9nom\u00e8ne bouleversera et renversera leur vie tranquille et paisible.<\/p>\n<p>Par le bais du cin\u00e9ma, le r\u00e9alisateur a voulu transmettre la culture cin\u00e9matographique dans une r\u00e9gion assoiff\u00e9e de l\u2019art sous toutes ses formes et facettes. \u00abLa culture a cette capacit\u00e9 de contribuer au d\u00e9veloppement et au changement des mentalit\u00e9s\u00bb, a-t-il affirm\u00e9. Dans le film, le r\u00e9alisateur a laiss\u00e9 en revanche \u00a0l\u2019image et les visages des personnages parler.<\/p>\n<p>Peu de dialogues. Mais, seuls l\u2019\u00e9cho de la mer, la beaut\u00e9 des plans et des paysages dominent dans le film de bout en bout. Le rythme du film tr\u00e8s lourd certes, ce qui laisse sentir l\u2019attente des personnages, la vacuit\u00e9 ontologique qu\u2019ils vivaient. Face \u00e0 l\u2019homme, il y a toujours la mer o\u00f9 se refl\u00e8te ses r\u00eaves, ses craintes, ses esp\u00e9rances, ses poisses et son avenir parfois incertain et ambigu.<\/p>\n<p>Le film est presque silencieux, mais, autrement dit, la po\u00e9sie de l\u2019image absorbe la souffrance et les douleurs des personnages. Et puis, sans tomber dans un discours direct et fade, le r\u00e9alisateur par le bais des sc\u00e8nes puissantes comme celle du suicide ou encore celle du personnage Aghilas face \u00e0 la mer a abord\u00e9 un tas de questions comme la migration clandestine, l\u2019int\u00e9grisme, la pauvret\u00e9\u2026<\/p>\n<p>Au-del\u00e0 des belles images des paysages et visages, Mohamed El Badaoui film un espace marin o\u00f9 l\u2019amour et l\u2019entraide des personnages donnent une le\u00e7on de vie\u00a0:\u00a0\u00abla vie vaut la peine d\u2019\u00eatre v\u00e9cue\u00bb. \u00abJ\u2019ai mis\u00e9 sur la beaut\u00e9 de l\u2019image et sa po\u00e9sie, mais aussi sur les personnages qui ont refl\u00e9t\u00e9 leur r\u00e9alit\u00e9 leur esp\u00e9rance. Je leur ai donn\u00e9 la parole. Ils ne m\u2019ont pas d\u00e9\u00e7u\u00a0!\u00bb, a-t-il fait savoir. Un beau film \u00e0 voir!<\/p>\n<p class=\"c2\"><strong>Mohamed Nait Youssef<\/strong><\/p>\n<p>Auteur: M&rsquo;hammed rahal<br \/>\n<a href=\"http:\/\/albayane.press.ma\/lalla-aicha-de-mohamed-el-badaoui-projete-en-avant-premiere-au-fifm.html\">Cliquez ici pour lire l&rsquo;article depuis sa source.<\/a><\/p>\n","protected":false},"excerpt":{"rendered":"<p>Le public de la 18e\u00a0\u00e9dition du FIFM a eu droit \u00e0 une projection du film Lalla A\u00efcha du jeune r\u00e9alisateur, Mohamed El Badaoui. En effet, le film qui a \u00e9t\u00e9 projet\u00e9 en avant premi\u00e8re mondiale \u00e0 la ville ocre est un vibrant hommage aux femmes. Un hommage poignant, surtout \u00e0 l\u2019endroit de la m\u00e8re qui [&hellip;]<\/p>\n","protected":false},"author":1760,"featured_media":0,"comment_status":"closed","ping_status":"closed","sticky":false,"template":"","format":"standard","meta":{"fifu_image_url":"","fifu_image_alt":"","footnotes":""},"categories":[73,54],"tags":[],"class_list":["post-69797","post","type-post","status-publish","format-standard","hentry","category-actualite","category-maroc"],"_links":{"self":[{"href":"https:\/\/linitiative.ca\/International\/wp-json\/wp\/v2\/posts\/69797","targetHints":{"allow":["GET"]}}],"collection":[{"href":"https:\/\/linitiative.ca\/International\/wp-json\/wp\/v2\/posts"}],"about":[{"href":"https:\/\/linitiative.ca\/International\/wp-json\/wp\/v2\/types\/post"}],"author":[{"embeddable":true,"href":"https:\/\/linitiative.ca\/International\/wp-json\/wp\/v2\/users\/1760"}],"replies":[{"embeddable":true,"href":"https:\/\/linitiative.ca\/International\/wp-json\/wp\/v2\/comments?post=69797"}],"version-history":[{"count":0,"href":"https:\/\/linitiative.ca\/International\/wp-json\/wp\/v2\/posts\/69797\/revisions"}],"wp:attachment":[{"href":"https:\/\/linitiative.ca\/International\/wp-json\/wp\/v2\/media?parent=69797"}],"wp:term":[{"taxonomy":"category","embeddable":true,"href":"https:\/\/linitiative.ca\/International\/wp-json\/wp\/v2\/categories?post=69797"},{"taxonomy":"post_tag","embeddable":true,"href":"https:\/\/linitiative.ca\/International\/wp-json\/wp\/v2\/tags?post=69797"}],"curies":[{"name":"wp","href":"https:\/\/api.w.org\/{rel}","templated":true}]}}