{"id":69798,"date":"2019-12-10T05:33:58","date_gmt":"2019-12-10T10:33:58","guid":{"rendered":"https:\/\/linitiative.ca\/International\/la-mosquee-lecole-le-dispensaire\/"},"modified":"2019-12-10T05:33:58","modified_gmt":"2019-12-10T10:33:58","slug":"la-mosquee-lecole-le-dispensaire","status":"publish","type":"post","link":"https:\/\/linitiative.ca\/International\/la-mosquee-lecole-le-dispensaire\/","title":{"rendered":"La mosqu\u00e9e, l\u2019\u00e9cole, le dispensaire\u2026"},"content":{"rendered":"<p class=\"has-text-color has-vivid-cyan-blue-color\"><strong>L\u2019annonce de la construction d\u2019un lieu de culte dont le budget s\u2019\u00e9l\u00e8verait \u00e0 environ 55 millions de dirhams au quartier Salam, \u00e0 la capitale du Souss vient d\u2019enflammer des r\u00e9actions, plus au moins virulentes, au sein des r\u00e9seaux sociaux et diff\u00e9rents milieux populaires de la ville.<\/strong><\/p>\n<p>\u00abAvec cet argent, on pourrait \u00e9difier dix \u00e9coles ou autant de dispensaires dont les citoyens auraient besoin au lieu de construire de si on\u00e9reuses mosqu\u00e9es!\u00bb, dirait-on, avec une connotation r\u00e9voltante. Sans verser dans un discours m\u00e9cr\u00e9ant ou tomber au bas du r\u00e9flexe pa\u00efen, cette attitude jug\u00e9e d\u2019irr\u00e9fl\u00e9chie d\u00e9passerait toute limite de religiosit\u00e9, pr\u00f4n\u00e9e par les pr\u00e9ceptes de la th\u00e9ologie pieuse, elle-m\u00eame.<\/p>\n<p>Dans un pays o\u00f9 le syst\u00e8me \u00e9ducatif est au bas de l\u2019\u00e9chelle et l\u2019offre sanitaire se d\u00e9bat dans des carences harassantes, en revanche, l\u2019espace cultuel se propage \u00e0 des cadences galopantes. En fait, d\u00e8s que les premiers coups de pioche mart\u00e8lent le sol d\u2019une nouvelle agglom\u00e9ration, on accourt \u00e0 mettre en place une mosqu\u00e9e, avant m\u00eame de penser \u00e0 b\u00e2tir une \u00e9cole o\u00f9 un dispensaire. Des m\u00e9c\u00e8nes versent de l\u2019argent \u00e0 des associations constitu\u00e9es dont les membres sillonnent les rues et harc\u00e8lent les terrasses, munis de sceaux et d\u2019\u00e9criteaux, pour collecter des sous.<\/p>\n<p>\u00abOn peut toujours faire la pri\u00e8re chez soi, en vue d\u2019\u00eatre \u00e0 jour avec les pr\u00eaches divins, sans recourir \u00e0 des b\u00e2tisses pour le faire. Par contre, les enfants ont besoin de lieux pour \u00e9tudier et se faire soigner, par des enseignants et des m\u00e9decins\u00a0!\u00bb, dirait-on aussi non sans r\u00e9volte, non plus.<\/p>\n<p>Dans cette discordance hallucinante, on croit bien savoir que plus de cinquante mille mosqu\u00e9es pullulent sur l\u2019ensemble du royaume. Rien que dans une localit\u00e9 comme Boumalne Dades, \u00e0 titre indicatif, on peut compter une mosqu\u00e9e tous les cent m\u00e8tres, le long de la route de plus de vingt cinq kilom\u00e8tres, soit plus d\u2019une centaine.<\/p>\n<p>Alors que des \u00e9tablissements scolaires et sanitaires sont affreusement rar\u00e9fi\u00e9s\u00a0! De surcro\u00eet, il faut bien dire que cette panoplie pl\u00e9thorique de mosqu\u00e9es ne constituerait, en fin de compte, que des refuges de propagation de messages obscurantistes, conservateurs dans une nation r\u00e9solument tourn\u00e9e vers l\u2019avenir \u00e9pris d\u2019\u00e9panouissement et d\u2019\u00e9closion.<\/p>\n<p>Il est bien vrai que notre pays a proc\u00e9d\u00e9 \u00e0 la r\u00e9gulation de la chose religieuse, par sa centralisation \u00e0 l\u2019appr\u00e9ciation royale, en tant que commandeur des croyants. L\u2019Etat s\u2019attelle d\u2019une mani\u00e8re ferme et sans r\u00e9pit, \u00e0 la lutte contre le terrorisme religieux. Le d\u00e9mant\u00e8lement de nombre de cellules \u00e0 des rythmes soutenus, en est une illustration notoire de la volont\u00e9 de faire r\u00e9gner la stabilit\u00e9 et la s\u00e9curit\u00e9. Toutefois, il ne fait de doute, non plus que la profusion anarchique de cette myriade de lieux de culte qui \u00abinfeste\u00bb, chaque jour le pays, en plein chantier, devient, de plus en plus pr\u00e9occupante, pour une soci\u00e9t\u00e9 qui veut combattre de l\u2019ignorance et de l\u2019ali\u00e9nation.<\/p>\n<p>Auteur: M&rsquo;hammed rahal<br \/>\n<a href=\"http:\/\/albayane.press.ma\/la-mosquee-lecole-le-dispensaire.html\">Cliquez ici pour lire l&rsquo;article depuis sa source.<\/a><\/p>\n","protected":false},"excerpt":{"rendered":"<p>L\u2019annonce de la construction d\u2019un lieu de culte dont le budget s\u2019\u00e9l\u00e8verait \u00e0 environ 55 millions de dirhams au quartier Salam, \u00e0 la capitale du Souss vient d\u2019enflammer des r\u00e9actions, plus au moins virulentes, au sein des r\u00e9seaux sociaux et diff\u00e9rents milieux populaires de la ville. \u00abAvec cet argent, on pourrait \u00e9difier dix \u00e9coles ou [&hellip;]<\/p>\n","protected":false},"author":1760,"featured_media":0,"comment_status":"closed","ping_status":"closed","sticky":false,"template":"","format":"standard","meta":{"fifu_image_url":"","fifu_image_alt":"","footnotes":""},"categories":[73,54],"tags":[],"class_list":["post-69798","post","type-post","status-publish","format-standard","hentry","category-actualite","category-maroc"],"_links":{"self":[{"href":"https:\/\/linitiative.ca\/International\/wp-json\/wp\/v2\/posts\/69798","targetHints":{"allow":["GET"]}}],"collection":[{"href":"https:\/\/linitiative.ca\/International\/wp-json\/wp\/v2\/posts"}],"about":[{"href":"https:\/\/linitiative.ca\/International\/wp-json\/wp\/v2\/types\/post"}],"author":[{"embeddable":true,"href":"https:\/\/linitiative.ca\/International\/wp-json\/wp\/v2\/users\/1760"}],"replies":[{"embeddable":true,"href":"https:\/\/linitiative.ca\/International\/wp-json\/wp\/v2\/comments?post=69798"}],"version-history":[{"count":0,"href":"https:\/\/linitiative.ca\/International\/wp-json\/wp\/v2\/posts\/69798\/revisions"}],"wp:attachment":[{"href":"https:\/\/linitiative.ca\/International\/wp-json\/wp\/v2\/media?parent=69798"}],"wp:term":[{"taxonomy":"category","embeddable":true,"href":"https:\/\/linitiative.ca\/International\/wp-json\/wp\/v2\/categories?post=69798"},{"taxonomy":"post_tag","embeddable":true,"href":"https:\/\/linitiative.ca\/International\/wp-json\/wp\/v2\/tags?post=69798"}],"curies":[{"name":"wp","href":"https:\/\/api.w.org\/{rel}","templated":true}]}}