{"id":69799,"date":"2019-12-10T05:42:00","date_gmt":"2019-12-10T10:42:00","guid":{"rendered":"https:\/\/linitiative.ca\/International\/hommage-a-seddik-maaninou-ce-mardi-a-la-map\/"},"modified":"2019-12-10T05:42:00","modified_gmt":"2019-12-10T10:42:00","slug":"hommage-a-seddik-maaninou-ce-mardi-a-la-map","status":"publish","type":"post","link":"https:\/\/linitiative.ca\/International\/hommage-a-seddik-maaninou-ce-mardi-a-la-map\/","title":{"rendered":"Hommage \u00e0 Seddik Ma\u00e2ninou ce mardi \u00e0 la MAP"},"content":{"rendered":"<p class=\"has-text-color has-vivid-red-color c2\"><strong>A l\u2019occasion de la publication du dernier tome de ses m\u00e9moires<\/strong><\/p>\n<p class=\"has-text-color has-vivid-cyan-blue-color\"><strong>L\u2019Agence marocaine de presse (MAP) organise, aujourd\u2019hui mardi \u00e0 Rabat, en coop\u00e9ration avec la Confr\u00e9rie des compagnons de Gutenberg, une c\u00e9r\u00e9monie en hommage \u00e0 l\u2019\u00e9crivain et journaliste Mohamed Seddik Ma\u00e2ninou, \u00e0 l\u2019occasion de la publication du 6\u00e8me et dernier tome de ses m\u00e9moires.<\/strong><\/p>\n<p>Cette c\u00e9r\u00e9monie, qui d\u00e9butera \u00e0 18H, sera l\u2019occasion de jeter la lumi\u00e8re sur des aspects et des d\u00e9tails accompagnant la publication du dernier tome de \u00abAyyam Zamane\u00bb (jours d\u2019antan, ndlr), une s\u00e9rie de m\u00e9moires qui raconte l\u2019enfance de Mohamed Seddik Ma\u00e2ninou, pass\u00e9e \u00e0 Tanger et \u00e0 Sal\u00e9, ainsi que les \u00e9v\u00e9nements qu\u2019il a v\u00e9cus en tant que journaliste.<\/p>\n<p>Ce dernier tome, intitul\u00e9 \u00abL\u2019adversaire et l\u2019ami\u00bb, s\u2019attarde sur les d\u00e9tails des cinq derni\u00e8res ann\u00e9es de la vie de Feu SM le Roi Hassan II.<\/p>\n<p>L\u2019ouvrage de 326 pages de format moyen, publi\u00e9 par \u00c9ditions et Impressions Bouregreg, traite plusieurs th\u00e9matiques r\u00e9parties en huit parties, notamment \u00abLes jours passent, ndlr\u00bb, \u00abLes ann\u00e9es de l\u2019espoir, ndlr\u00bb et \u00abDe la r\u00e9volution \u00e0 la fortune, ndlr\u00bb.<\/p>\n<p>Outre \u00abL\u2019adversaire et l\u2019ami\u00bb, la s\u00e9rie \u00abAyyam Zamane\u00bb est compos\u00e9e de cinq autres tomes, \u00e0 savoir \u00abLe cort\u00e8ge du Sultan\u00bb, \u00abLa victoire \u00e9clatante\u00bb, \u00abLa bataille de l\u2019existence\u00bb, \u00abLes ann\u00e9es maigres\u00bb et \u00abLe serviteur du Roi\u00bb.<\/p>\n<p>M. Ma\u00e2ninou essaie de contribuer, \u00e0 travers cette s\u00e9rie, \u00e0 la pr\u00e9servation de la m\u00e9moire nationale, cette r\u00e9serve partag\u00e9e qui s\u2019\u00e9rode au fil des ann\u00e9es et des d\u00e9cennies, \u00abtransformant des peuples entiers en des patients atteints de la maladie d\u2019Alzheimer qui ne se souviennent ni de ce qu\u2019ils ont v\u00e9cu ni sont capables de voir ce qui s\u2019en vient\u00bb.<\/p>\n<p>N\u00e9 \u00e0 Tanger en 1944, Seddik Ma\u00e2ninou est titulaire d\u2019une licence en Droit. Il a particip\u00e9 \u00e0 nombre de rencontres universitaires et stages professionnels en mati\u00e8re de communication, de journalisme et de relations internationales dans plusieurs pays, notamment la France, l\u2019Allemagne et les \u00c9tats-Unis. Durant son parcours professionnel \u00e0 la Radio et t\u00e9l\u00e9vision nationale, il a assur\u00e9 la couverture m\u00e9diatique de plusieurs \u00e9v\u00e9nements historiques tels que la Marche verte ainsi que des conf\u00e9rences des sommets arabes, islamiques et africains au Maroc et \u00e0 l\u2019\u00e9tranger.<\/p>\n<p>M. Ma\u00e2ninou a \u00e9galement occup\u00e9 plusieurs responsabilit\u00e9s au niveau du minist\u00e8re de la communication. La diffusion en direct de cette rencontre sera assur\u00e9e via MAP-Live sur le site mapexpress.ma et sur les comptes de la MAP sur les r\u00e9seaux sociaux: Facebook, Twitter et Instagram, de m\u00eame que la traduction simultan\u00e9e vers trois langues : le fran\u00e7ais, l\u2019espagnol et l\u2019anglais.<\/p>\n<p>Auteur: M&rsquo;hammed rahal<br \/>\n<a href=\"http:\/\/albayane.press.ma\/hommage-a-seddik-maaninou-ce-mardi-a-la-map.html\">Cliquez ici pour lire l&rsquo;article depuis sa source.<\/a><\/p>\n","protected":false},"excerpt":{"rendered":"<p>A l\u2019occasion de la publication du dernier tome de ses m\u00e9moires L\u2019Agence marocaine de presse (MAP) organise, aujourd\u2019hui mardi \u00e0 Rabat, en coop\u00e9ration avec la Confr\u00e9rie des compagnons de Gutenberg, une c\u00e9r\u00e9monie en hommage \u00e0 l\u2019\u00e9crivain et journaliste Mohamed Seddik Ma\u00e2ninou, \u00e0 l\u2019occasion de la publication du 6\u00e8me et dernier tome de ses m\u00e9moires. Cette [&hellip;]<\/p>\n","protected":false},"author":1760,"featured_media":0,"comment_status":"closed","ping_status":"closed","sticky":false,"template":"","format":"standard","meta":{"fifu_image_url":"","fifu_image_alt":"","footnotes":""},"categories":[73,54],"tags":[],"class_list":["post-69799","post","type-post","status-publish","format-standard","hentry","category-actualite","category-maroc"],"_links":{"self":[{"href":"https:\/\/linitiative.ca\/International\/wp-json\/wp\/v2\/posts\/69799","targetHints":{"allow":["GET"]}}],"collection":[{"href":"https:\/\/linitiative.ca\/International\/wp-json\/wp\/v2\/posts"}],"about":[{"href":"https:\/\/linitiative.ca\/International\/wp-json\/wp\/v2\/types\/post"}],"author":[{"embeddable":true,"href":"https:\/\/linitiative.ca\/International\/wp-json\/wp\/v2\/users\/1760"}],"replies":[{"embeddable":true,"href":"https:\/\/linitiative.ca\/International\/wp-json\/wp\/v2\/comments?post=69799"}],"version-history":[{"count":0,"href":"https:\/\/linitiative.ca\/International\/wp-json\/wp\/v2\/posts\/69799\/revisions"}],"wp:attachment":[{"href":"https:\/\/linitiative.ca\/International\/wp-json\/wp\/v2\/media?parent=69799"}],"wp:term":[{"taxonomy":"category","embeddable":true,"href":"https:\/\/linitiative.ca\/International\/wp-json\/wp\/v2\/categories?post=69799"},{"taxonomy":"post_tag","embeddable":true,"href":"https:\/\/linitiative.ca\/International\/wp-json\/wp\/v2\/tags?post=69799"}],"curies":[{"name":"wp","href":"https:\/\/api.w.org\/{rel}","templated":true}]}}