{"id":69800,"date":"2019-12-10T05:50:29","date_gmt":"2019-12-10T10:50:29","guid":{"rendered":"https:\/\/linitiative.ca\/International\/%ef%bb%bfsar-la-princesse-lalla-hasnaa-preside-la-ceremonie-du-30e-anniversaire-de-lassociation-al-ihssane\/"},"modified":"2019-12-10T05:50:29","modified_gmt":"2019-12-10T10:50:29","slug":"%ef%bb%bfsar-la-princesse-lalla-hasnaa-preside-la-ceremonie-du-30e-anniversaire-de-lassociation-al-ihssane","status":"publish","type":"post","link":"https:\/\/linitiative.ca\/International\/%ef%bb%bfsar-la-princesse-lalla-hasnaa-preside-la-ceremonie-du-30e-anniversaire-de-lassociation-al-ihssane\/","title":{"rendered":"\ufeffSAR la Princesse Lalla Hasnaa pr\u00e9side la c\u00e9r\u00e9monie du 30e anniversaire de l\u2019Association Al-Ihssane"},"content":{"rendered":"<p class=\"has-text-color has-vivid-cyan-blue-color\"><strong>SAR la Princesse Lalla Hasnaa, pr\u00e9sidente d\u2019honneur de l\u2019Association Al-Ihssane, a pr\u00e9sid\u00e9, dimanche \u00e0 la maison d\u2019enfants Lalla Hasnaa \u00e0 Casablanca, la c\u00e9r\u00e9monie de c\u00e9l\u00e9bration du 30\u00e8me anniversaire de cette association.<\/strong><\/p>\n<p>A cette occasion, Son Altesse Royale a visit\u00e9 des ateliers d\u2019art anim\u00e9s par des pensionnaires de la maison d\u2019enfants, notamment en photographie, peinture et dessin, peinture abstraite, origami et totem, peinture sur galet et lecture des contes.<\/p>\n<p>Son Altesse Royale a, en outre, visit\u00e9 la salle des nourrissons, quatre classes consacr\u00e9es aux 4-5 ans (les papillons), 3-4 ans (les lapins), 4-5 ans (les \u00e9toiles) et 2-3 ans (petite section), la salle de psychomotricit\u00e9, ainsi qu\u2019un atelier d\u00e9di\u00e9 aux activit\u00e9s de l\u2019\u00e9co-\u00e9cole r\u00e9alis\u00e9es par les enfants tout au long de l\u2019ann\u00e9e.<\/p>\n<p>SAR la Princesse Lalla Hasnaa a, ensuite, proc\u00e9d\u00e9 \u00e0 l\u2019inauguration de l\u2019exposition \u201cL\u2019art au service des b\u00e9b\u00e9s et enfants sans famille\u201d, s\u2019arr\u00eatant devant les \u0153uvres expos\u00e9es, offertes \u00e0 l\u2019association par des artistes marocains \u00e0 l\u2019occasion de ses trois d\u00e9cennies d\u2019existence.<\/p>\n<p>Au cours de la tourn\u00e9e dans les structures de la maison d\u2019enfants, d\u2019amples explications ont \u00e9t\u00e9 pr\u00e9sent\u00e9es \u00e0 Son Altesse Royale sur les diff\u00e9rents pavillons visit\u00e9s et les prestations fournies aux pensionnaires de la maison d\u2019enfants.<\/p>\n<p>L\u2019Association Al-Ihssane assure la gestion de la maison d\u2019enfants Lalla Hasnaa, l\u2019unique structure du genre \u00e0 Casablanca \u00e0 accueillir les nourrissons et les enfants abandonn\u00e9s depuis la naissance jusqu\u2019\u00e0 l\u2019\u00e2ge de la scolarit\u00e9 (6 ans).<\/p>\n<p>Au terme de cette c\u00e9r\u00e9monie, SAR la Princesse Lalla Hasnaa a pos\u00e9 pour des photos-souvenirs avec les artistes pr\u00e9sents, le personnel du centre ainsi qu\u2019avec les membres de l\u2019association.<\/p>\n<p>En pr\u00e9sence de SAR la Princesse Lalla Hasnaa, les pensionnaires de la maison d\u2019enfants ont souffl\u00e9 les bougies du 30\u00e8me anniversaire, avant de remettre \u00e0 Son Altesse Royale deux tableaux souvenirs. Par la suite, Son Altesse Royale a pos\u00e9 pour une photo-souvenir avec les enfants de cet \u00e9tablissement.<\/p>\n<p>A son arriv\u00e9e au si\u00e8ge de la maison d\u2019enfants Lalla Hasnaa (Centre Oasis), Son Altesse Royale avait pass\u00e9 en revue un d\u00e9tachement des Forces auxiliaires qui rendait les honneurs, avant d\u2019\u00eatre salu\u00e9e par le ministre de l\u2019Education nationale, de la Formation professionnelle, de l\u2019Enseignement sup\u00e9rieur et de la Recherche scientifique, Saa\u00efd Amzazi, et le ministre de la Culture, de la Jeunesse et des Sports, porte-parole du gouvernement, El Hassan Abyaba.<\/p>\n<p>Son Altesse Royale a \u00e9t\u00e9, \u00e9galement, salu\u00e9e par le secr\u00e9taire g\u00e9n\u00e9ral du minist\u00e8re de la Solidarit\u00e9, du D\u00e9veloppement social, de l\u2019Egalit\u00e9 et de la Famille, Larbi Tabit, le gouverneur de la pr\u00e9fecture d\u2019arrondissements de Casablanca-Anfa, Rachid Afirat, le vice-pr\u00e9sident du Conseil de la r\u00e9gion de Casablanca-Settat, Fouad Kadiri, et le wali, coordonnateur national de l\u2019INDH, Mohamed Derdouri.<\/p>\n<p>SAR la Princesse Lalla Hasnaa a \u00e9t\u00e9, ensuite, salu\u00e9e par le pr\u00e9sident du Conseil communal de Casablanca, Abdelaziz El Omari, le pr\u00e9sident du Conseil pr\u00e9fectoral de Casablanca, Mohamed Najib Amor, le pr\u00e9sident de l\u2019arrondissement de Ma\u00e2rif, Abdessamad Haikar, la pr\u00e9sidente d\u00e9l\u00e9gu\u00e9e de l\u2019Association Al-Ihssane, Habiba Alaoui, les membres du bureau de l\u2019association, les partenaires et d\u2019autres personnalit\u00e9s.<\/p>\n<p>Auteur: M&rsquo;hammed rahal<br \/>\n<a href=\"http:\/\/albayane.press.ma\/%EF%BB%BFsar-la-princesse-lalla-hasnaa-preside-la-ceremonie-du-30e-anniversaire-de-lassociation-al-ihssane.html\">Cliquez ici pour lire l&rsquo;article depuis sa source.<\/a><\/p>\n","protected":false},"excerpt":{"rendered":"<p>SAR la Princesse Lalla Hasnaa, pr\u00e9sidente d\u2019honneur de l\u2019Association Al-Ihssane, a pr\u00e9sid\u00e9, dimanche \u00e0 la maison d\u2019enfants Lalla Hasnaa \u00e0 Casablanca, la c\u00e9r\u00e9monie de c\u00e9l\u00e9bration du 30\u00e8me anniversaire de cette association. A cette occasion, Son Altesse Royale a visit\u00e9 des ateliers d\u2019art anim\u00e9s par des pensionnaires de la maison d\u2019enfants, notamment en photographie, peinture et [&hellip;]<\/p>\n","protected":false},"author":1760,"featured_media":0,"comment_status":"closed","ping_status":"closed","sticky":false,"template":"","format":"standard","meta":{"fifu_image_url":"","fifu_image_alt":"","footnotes":""},"categories":[73,54],"tags":[],"class_list":["post-69800","post","type-post","status-publish","format-standard","hentry","category-actualite","category-maroc"],"_links":{"self":[{"href":"https:\/\/linitiative.ca\/International\/wp-json\/wp\/v2\/posts\/69800","targetHints":{"allow":["GET"]}}],"collection":[{"href":"https:\/\/linitiative.ca\/International\/wp-json\/wp\/v2\/posts"}],"about":[{"href":"https:\/\/linitiative.ca\/International\/wp-json\/wp\/v2\/types\/post"}],"author":[{"embeddable":true,"href":"https:\/\/linitiative.ca\/International\/wp-json\/wp\/v2\/users\/1760"}],"replies":[{"embeddable":true,"href":"https:\/\/linitiative.ca\/International\/wp-json\/wp\/v2\/comments?post=69800"}],"version-history":[{"count":0,"href":"https:\/\/linitiative.ca\/International\/wp-json\/wp\/v2\/posts\/69800\/revisions"}],"wp:attachment":[{"href":"https:\/\/linitiative.ca\/International\/wp-json\/wp\/v2\/media?parent=69800"}],"wp:term":[{"taxonomy":"category","embeddable":true,"href":"https:\/\/linitiative.ca\/International\/wp-json\/wp\/v2\/categories?post=69800"},{"taxonomy":"post_tag","embeddable":true,"href":"https:\/\/linitiative.ca\/International\/wp-json\/wp\/v2\/tags?post=69800"}],"curies":[{"name":"wp","href":"https:\/\/api.w.org\/{rel}","templated":true}]}}