{"id":69801,"date":"2019-12-10T05:57:21","date_gmt":"2019-12-10T10:57:21","guid":{"rendered":"https:\/\/linitiative.ca\/International\/la-coordination-akal-denonce-le-laxisme-des-autorites\/"},"modified":"2019-12-10T05:57:21","modified_gmt":"2019-12-10T10:57:21","slug":"la-coordination-akal-denonce-le-laxisme-des-autorites","status":"publish","type":"post","link":"https:\/\/linitiative.ca\/International\/la-coordination-akal-denonce-le-laxisme-des-autorites\/","title":{"rendered":"La coordination \u00abAkal\u00bb d\u00e9nonce le laxisme des autorit\u00e9s"},"content":{"rendered":"<p class=\"has-text-color has-vivid-cyan-blue-color\"><strong>Ils sont venus par centaines, dimanche 8 d\u00e9cembre \u00e0 Casablanca, pour d\u00e9noncer l\u2019expropriation de leurs terres et le laxisme des autorit\u00e9s face \u00e0 ce qu\u2019il qualifie de \u00abmafias du p\u00e2turage\u00bb.<\/strong><\/p>\n<p>La marche \u00e0 laquelle ont pris part les repr\u00e9sentants des associations de la soci\u00e9t\u00e9 civile\u00a0 et des droits de l\u2019Homme de la r\u00e9gion de Souss,\u00a0 du Grand Atlas ou encore des militants du mouvement amazigh, entre autre, a \u00e9t\u00e9 Initi\u00e9e par la coordination Akal (terre) pour la d\u00e9fense du droit de la population \u00e0 la terre et \u00e0 la richesse.<\/p>\n<p>Avec une forte pr\u00e9sence des forces de l\u2019ordre, les manifestants se sont ainsi\u00a0 donn\u00e9\u00a0 rendez-vous \u00e0 la place des nations-unies d\u2019o\u00f9 la marche a d\u00e9marr\u00e9 \u00e0 destination de la place Ennasr en d\u00e9ployant une grande banderole o\u00f9 peut-on lire en substance \u00abL\u2019expropriation des terres et la mafia du p\u00e2turage constituent une cons\u00e9cration des politiques de marginalisation\u2026\u00bb.<\/p>\n<p>Les manifestants ont \u00e9galement brandi des pancartes appelant l\u2019Etat \u00e0 intervenir pour garantir leur d\u00e9fense et leur s\u00e9curit\u00e9. En fait, pour eux, les autorit\u00e9s ont\u00a0 failli \u00e0 leur v\u00e9ritable mission, celle d\u2019assurer la s\u00e9curit\u00e9 des citoyens et de leurs biens, \u00ab\u00a0condition sine qua non de l\u2019Etat de Droit\u00a0\u00bb, ont-ils scand\u00e9.<\/p>\n<p>D\u2019autres, ont tir\u00e9 \u00e0 boulets rouges sur les m\u00e9dias publics, tout en s\u2019interrogeant sur leur les raisons de d\u00e9sint\u00e9r\u00eat et leur manque de professionnalisme. Ces m\u00e9dias n\u2019ont pas trouver mieux que de faire un trait sur ce mouvement et les probl\u00e8mes qu\u2019il soul\u00e8ve.<\/p>\n<p>Les protestataires se consid\u00e9rant victimes d\u2019exploitations du \u00abp\u00e2turage injuste\u00bb, et d\u2019actes de sabotages men\u00e9s par des nomades, notamment dans les provinces de\u00a0 Tiznit,\u00a0 Chtouka-A\u00eft Baha, Taroudant, Tata, ont ainsi\u00a0 appel\u00e9 l\u2019Etat \u00e0 traduire les coupables \u00a0en justice et \u00e0 faire r\u00e9gner l\u2019ordre au lieu de faire pr\u00e9valoir \u00abune situation de non-droit\u00bb.<\/p>\n<p>Selon le porte-parole de la coordination,\u00a0 Hamou Hasnaoui, les actes de sabotages perp\u00e9tr\u00e9s \u00e0 l\u2019\u00e9gard de la population locale ne sont pas effectu\u00e9s seulement par les nomades, dont certains\u00a0 parmi eux\u00a0 font preuve de respect des r\u00e8gles de p\u00e2turages,\u00a0 mais ils sont l\u2019\u0153uvre des milices arm\u00e9s et agressives qui fait parfois des bless\u00e9s, voire m\u00eame des morts parmi les populations locales, a-t-il d\u00e9clar\u00e9 aux m\u00e9dias.<\/p>\n<p>Sur un autre registre,\u00a0 les protestataires ont scand\u00e9 haut et fort des slogans revendiquant l\u2019abrogation de la loi 113.13 portant\u00a0 sur la transhumance pastorale, la gestion et l\u2019am\u00e9nagement des espaces pastoraux\u00a0 tout en d\u00e9non\u00e7ant la\u00a0 politique de l\u2019Etat en mati\u00e8re de l\u2019expropriation des propri\u00e9t\u00e9s priv\u00e9es sous pr\u00e9texte d\u2019utilit\u00e9 publique ou de la d\u00e9limitation de l\u2019espace forestier au d\u00e9triment des int\u00e9r\u00eats vitaux des citoyens.<\/p>\n<p class=\"c2\"><strong>Khalid Darfaf<\/strong><\/p>\n<p>Auteur: M&rsquo;hammed rahal<br \/>\n<a href=\"http:\/\/albayane.press.ma\/la-coordination-akal-denonce-le-laxisme-des-autorites.html\">Cliquez ici pour lire l&rsquo;article depuis sa source.<\/a><\/p>\n","protected":false},"excerpt":{"rendered":"<p>Ils sont venus par centaines, dimanche 8 d\u00e9cembre \u00e0 Casablanca, pour d\u00e9noncer l\u2019expropriation de leurs terres et le laxisme des autorit\u00e9s face \u00e0 ce qu\u2019il qualifie de \u00abmafias du p\u00e2turage\u00bb. La marche \u00e0 laquelle ont pris part les repr\u00e9sentants des associations de la soci\u00e9t\u00e9 civile\u00a0 et des droits de l\u2019Homme de la r\u00e9gion de Souss,\u00a0 [&hellip;]<\/p>\n","protected":false},"author":1760,"featured_media":0,"comment_status":"closed","ping_status":"closed","sticky":false,"template":"","format":"standard","meta":{"fifu_image_url":"","fifu_image_alt":"","footnotes":""},"categories":[73,54],"tags":[],"class_list":["post-69801","post","type-post","status-publish","format-standard","hentry","category-actualite","category-maroc"],"_links":{"self":[{"href":"https:\/\/linitiative.ca\/International\/wp-json\/wp\/v2\/posts\/69801","targetHints":{"allow":["GET"]}}],"collection":[{"href":"https:\/\/linitiative.ca\/International\/wp-json\/wp\/v2\/posts"}],"about":[{"href":"https:\/\/linitiative.ca\/International\/wp-json\/wp\/v2\/types\/post"}],"author":[{"embeddable":true,"href":"https:\/\/linitiative.ca\/International\/wp-json\/wp\/v2\/users\/1760"}],"replies":[{"embeddable":true,"href":"https:\/\/linitiative.ca\/International\/wp-json\/wp\/v2\/comments?post=69801"}],"version-history":[{"count":0,"href":"https:\/\/linitiative.ca\/International\/wp-json\/wp\/v2\/posts\/69801\/revisions"}],"wp:attachment":[{"href":"https:\/\/linitiative.ca\/International\/wp-json\/wp\/v2\/media?parent=69801"}],"wp:term":[{"taxonomy":"category","embeddable":true,"href":"https:\/\/linitiative.ca\/International\/wp-json\/wp\/v2\/categories?post=69801"},{"taxonomy":"post_tag","embeddable":true,"href":"https:\/\/linitiative.ca\/International\/wp-json\/wp\/v2\/tags?post=69801"}],"curies":[{"name":"wp","href":"https:\/\/api.w.org\/{rel}","templated":true}]}}