{"id":69802,"date":"2019-12-10T08:56:18","date_gmt":"2019-12-10T13:56:18","guid":{"rendered":"https:\/\/linitiative.ca\/International\/atteintes-au-travail-des-journalistes-menace-du-port-du-brassard-rouge-a-larp\/"},"modified":"2019-12-10T08:56:18","modified_gmt":"2019-12-10T13:56:18","slug":"atteintes-au-travail-des-journalistes-menace-du-port-du-brassard-rouge-a-larp","status":"publish","type":"post","link":"https:\/\/linitiative.ca\/International\/atteintes-au-travail-des-journalistes-menace-du-port-du-brassard-rouge-a-larp\/","title":{"rendered":"Atteintes au travail des journalistes : Menace du port du brassard rouge \u00e0 l\u2019ARP"},"content":{"rendered":"<p>Le syndicat g\u00e9n\u00e9ral de l\u2019information a brandi, lundi, la menace du port du brassard rouge dans l\u2019h\u00e9micycle du Bardo ou la gr\u00e8ve, \u00ab si les atteintes au travail des journalistes persistent \u00bb.<\/p>\n<p>Une position qui intervient sur fond du comportement de certains d\u00e9put\u00e9s de la coalition Al Karama \u00ab pour avoir sem\u00e9 le d\u00e9sordre lors de la s\u00e9ance pl\u00e9ni\u00e8re de dimanche 8 d\u00e9cembre et emp\u00each\u00e9 la T\u00e9l\u00e9vision nationale de transmettre une intervention \u00bb.<\/p>\n<p>Dans un communiqu\u00e9 rendu public lundi, le syndicat met en garde contre ces \u00ab pratiques dangereuses et immorales \u00bb qui repr\u00e9sentent \u00ab un pr\u00e9c\u00e9dent dangereux et une grave violation au droit \u00e0 l\u2019information \u00bb, appelant \u00e0 la n\u00e9cessit\u00e9 de respecter les journalistes et de ne pas intervenir dans le travail des m\u00e9dias.<\/p>\n<p>L\u2019\u00e9tablissement de la t\u00e9l\u00e9vision tunisienne (ETT) avait d\u00e9nonc\u00e9 lundi dans une communiqu\u00e9 le brouillage de la transmission en direct de la pl\u00e9ni\u00e8re de dimanche 8 d\u00e9cembre sur la chaine Al Wataniya 2.<\/p>\n<p>L\u2019institution condamne le brouillage d\u2019un service public \u00ab soucieux de rester \u00e0 \u00e9gale distance de toutes les parties politiques \u00bb.<\/p>\n<p>La pl\u00e9ni\u00e8re tenue dimanche a \u00e9t\u00e9 marqu\u00e9e par de vives tensions sur fond du sit-in observ\u00e9 par les d\u00e9put\u00e9s du Parti destourien Libre (PDL) dans la tribune du pr\u00e9sident du parlement.<\/p>\n<p>Abir Moussi pr\u00e9sidente du groupe parlementaire du PDL a d\u00e9clar\u00e9 lundi au cours d\u2019une conf\u00e9rence de presse au si\u00e8ge du parlement que le fait de voir certains d\u00e9put\u00e9s brandir le signe de Rabaa face aux cam\u00e9ras de la t\u00e9l\u00e9vision tunisienne pour \u00e9clipser son intervention refl\u00e8te le \u00ab chaos et la dictature \u00bb qui r\u00e8gnent dans l\u2019enceinte parlementaire.<\/p>\n<p class=\"dpsp-share-text\">Partager c&rsquo;est aimer!<\/p>\n<div class=\"wp-post-author-wrap wp-post-author-shortcode left\">\n<h3 class=\"awpa-title\"\/>\n<div class=\"wp-post-author\">\n<div class=\"awpa-img awpa-author-block square\"><a href=\"http:\/\/lexpertjournal.net\/fr\/author\/lexpert\/\"><img loading=\"lazy\" decoding=\"async\" alt=\"\" src=\"http:\/\/1.gravatar.com\/avatar\/d6e9671d98f934a52a3a187e6c2f3f3e?s=150&#038;d=mm&#038;r=g\" srcset=\"http:\/\/1.gravatar.com\/avatar\/d6e9671d98f934a52a3a187e6c2f3f3e?s=300&#038;d=mm&#038;r=g 2x\" class=\"avatar avatar-150 photo\" height=\"150\" width=\"150\"\/><\/a><\/div>\n<\/div>\n<\/div>\n<p>Auteur: L&rsquo;Expert<br \/>\n<a href=\"http:\/\/lexpertjournal.net\/fr\/2019\/12\/10\/atteintes-au-travail-des-journalistes-menace-du-port-du-brassard-rouge-a-larp\/\">Cliquez ici pour lire l&rsquo;article depuis sa source.<\/a><\/p>\n","protected":false},"excerpt":{"rendered":"<p>Le syndicat g\u00e9n\u00e9ral de l\u2019information a brandi, lundi, la menace du port du brassard rouge dans l\u2019h\u00e9micycle du Bardo ou la gr\u00e8ve, \u00ab si les atteintes au travail des journalistes persistent \u00bb. Une position qui intervient sur fond du comportement de certains d\u00e9put\u00e9s de la coalition Al Karama \u00ab pour avoir sem\u00e9 le d\u00e9sordre lors [&hellip;]<\/p>\n","protected":false},"author":1775,"featured_media":0,"comment_status":"closed","ping_status":"closed","sticky":false,"template":"","format":"standard","meta":{"fifu_image_url":"","fifu_image_alt":"","footnotes":""},"categories":[78,55],"tags":[],"class_list":["post-69802","post","type-post","status-publish","format-standard","hentry","category-economie","category-tunisie"],"_links":{"self":[{"href":"https:\/\/linitiative.ca\/International\/wp-json\/wp\/v2\/posts\/69802","targetHints":{"allow":["GET"]}}],"collection":[{"href":"https:\/\/linitiative.ca\/International\/wp-json\/wp\/v2\/posts"}],"about":[{"href":"https:\/\/linitiative.ca\/International\/wp-json\/wp\/v2\/types\/post"}],"author":[{"embeddable":true,"href":"https:\/\/linitiative.ca\/International\/wp-json\/wp\/v2\/users\/1775"}],"replies":[{"embeddable":true,"href":"https:\/\/linitiative.ca\/International\/wp-json\/wp\/v2\/comments?post=69802"}],"version-history":[{"count":0,"href":"https:\/\/linitiative.ca\/International\/wp-json\/wp\/v2\/posts\/69802\/revisions"}],"wp:attachment":[{"href":"https:\/\/linitiative.ca\/International\/wp-json\/wp\/v2\/media?parent=69802"}],"wp:term":[{"taxonomy":"category","embeddable":true,"href":"https:\/\/linitiative.ca\/International\/wp-json\/wp\/v2\/categories?post=69802"},{"taxonomy":"post_tag","embeddable":true,"href":"https:\/\/linitiative.ca\/International\/wp-json\/wp\/v2\/tags?post=69802"}],"curies":[{"name":"wp","href":"https:\/\/api.w.org\/{rel}","templated":true}]}}