{"id":69803,"date":"2019-12-10T08:57:42","date_gmt":"2019-12-10T13:57:42","guid":{"rendered":"https:\/\/linitiative.ca\/International\/pour-les-11-premiers-mois-de-2019-le-deficit-commercial-saggrave-a-177993-md\/"},"modified":"2019-12-10T08:57:42","modified_gmt":"2019-12-10T13:57:42","slug":"pour-les-11-premiers-mois-de-2019-le-deficit-commercial-saggrave-a-177993-md","status":"publish","type":"post","link":"https:\/\/linitiative.ca\/International\/pour-les-11-premiers-mois-de-2019-le-deficit-commercial-saggrave-a-177993-md\/","title":{"rendered":"Pour les 11 premiers mois de 2019 : Le d\u00e9ficit commercial s\u2019aggrave \u00e0 17799,3 MD"},"content":{"rendered":"<p>Le solde de la balance commerciale est d\u00e9ficitaire de 17799,3 MD durant les onze premiers mois de l\u2019ann\u00e9e 2019, contre 17329,9 MD durant la m\u00eame p\u00e9riode de l\u2019ann\u00e9e 2018, indique l\u2019Institut national de la statistique (INS).<\/p>\n<p>Le taux de couverture a gagn\u00e9 1,2 point par rapport aux onze premiers mois de l\u2019ann\u00e9e 2018 pour s\u2019\u00e9tablir \u00e0 69,4% contre 68,2%, selon la note de l\u2019INS sur le Commerce Ext\u00e9rieur aux prix Courants pour novembre 2019. .<\/p>\n<p>Cette situation d\u00e9ficitaire s\u2019explique par le d\u00e9ficit enregistr\u00e9 avec certains pays, tel que la Chine (-5417 MD), l\u2019Alg\u00e9rie (-2837,4 MD), l\u2019Italie (-2461,9 MD), la Turquie (-2222,4 MD) et la Russie (-1297,8 MD). En revanche, le solde de la balance commerciale a enregistr\u00e9 un exc\u00e9dant avec d\u2019autres pays principalement la France de 3598,6 MD, la Libye de 1237,7 MD et le Maroc de 363 MD.<\/p>\n<p>Les r\u00e9sultats des \u00e9changes commerciaux de la Tunisie avec l\u2019ext\u00e9rieur aux prix courants durant les onze premiers mois de l\u2019ann\u00e9e 2019 montrent que les exportations ont augment\u00e9 de 8,8% contre +19,9% durant la m\u00eame p\u00e9riode de l\u2019ann\u00e9e 2018. De m\u00eame, les importations ont enregistr\u00e9 une hausse de 6,8% contre +20,1% durant la m\u00eame p\u00e9riode de l\u2019ann\u00e9e 2018.<\/p>\n<p>Hors \u00e9nergie, le d\u00e9ficit de la balance commerciale s\u2019\u00e9tablit \u00e0 10800,5 MD. Le d\u00e9ficit de la balance \u00e9nerg\u00e9tique s\u2019\u00e9tablit, quant \u00e0 lui, \u00e0 6998,7 MD (39,3% du d\u00e9ficit total) contre 5614,3 MD durant la m\u00eame p\u00e9riode en 2018.<\/p>\n<p class=\"dpsp-share-text\">Partager c&rsquo;est aimer!<\/p>\n<div class=\"wp-post-author-wrap wp-post-author-shortcode left\">\n<h3 class=\"awpa-title\"\/>\n<div class=\"wp-post-author\">\n<div class=\"awpa-img awpa-author-block square\"><a href=\"http:\/\/lexpertjournal.net\/fr\/author\/lexpert\/\"><img loading=\"lazy\" decoding=\"async\" alt=\"\" src=\"http:\/\/1.gravatar.com\/avatar\/d6e9671d98f934a52a3a187e6c2f3f3e?s=150&#038;d=mm&#038;r=g\" srcset=\"http:\/\/1.gravatar.com\/avatar\/d6e9671d98f934a52a3a187e6c2f3f3e?s=300&#038;d=mm&#038;r=g 2x\" class=\"avatar avatar-150 photo\" height=\"150\" width=\"150\"\/><\/a><\/div>\n<\/div>\n<\/div>\n<p>Auteur: L&rsquo;Expert<br \/>\n<a href=\"http:\/\/lexpertjournal.net\/fr\/2019\/12\/10\/pour-les-11-premiers-mois-de-2019-le-deficit-commercial-saggrave-a-177993-md\/\">Cliquez ici pour lire l&rsquo;article depuis sa source.<\/a><\/p>\n","protected":false},"excerpt":{"rendered":"<p>Le solde de la balance commerciale est d\u00e9ficitaire de 17799,3 MD durant les onze premiers mois de l\u2019ann\u00e9e 2019, contre 17329,9 MD durant la m\u00eame p\u00e9riode de l\u2019ann\u00e9e 2018, indique l\u2019Institut national de la statistique (INS). Le taux de couverture a gagn\u00e9 1,2 point par rapport aux onze premiers mois de l\u2019ann\u00e9e 2018 pour s\u2019\u00e9tablir [&hellip;]<\/p>\n","protected":false},"author":1775,"featured_media":0,"comment_status":"closed","ping_status":"closed","sticky":false,"template":"","format":"standard","meta":{"fifu_image_url":"","fifu_image_alt":"","footnotes":""},"categories":[78,55],"tags":[],"class_list":["post-69803","post","type-post","status-publish","format-standard","hentry","category-economie","category-tunisie"],"_links":{"self":[{"href":"https:\/\/linitiative.ca\/International\/wp-json\/wp\/v2\/posts\/69803","targetHints":{"allow":["GET"]}}],"collection":[{"href":"https:\/\/linitiative.ca\/International\/wp-json\/wp\/v2\/posts"}],"about":[{"href":"https:\/\/linitiative.ca\/International\/wp-json\/wp\/v2\/types\/post"}],"author":[{"embeddable":true,"href":"https:\/\/linitiative.ca\/International\/wp-json\/wp\/v2\/users\/1775"}],"replies":[{"embeddable":true,"href":"https:\/\/linitiative.ca\/International\/wp-json\/wp\/v2\/comments?post=69803"}],"version-history":[{"count":0,"href":"https:\/\/linitiative.ca\/International\/wp-json\/wp\/v2\/posts\/69803\/revisions"}],"wp:attachment":[{"href":"https:\/\/linitiative.ca\/International\/wp-json\/wp\/v2\/media?parent=69803"}],"wp:term":[{"taxonomy":"category","embeddable":true,"href":"https:\/\/linitiative.ca\/International\/wp-json\/wp\/v2\/categories?post=69803"},{"taxonomy":"post_tag","embeddable":true,"href":"https:\/\/linitiative.ca\/International\/wp-json\/wp\/v2\/tags?post=69803"}],"curies":[{"name":"wp","href":"https:\/\/api.w.org\/{rel}","templated":true}]}}