{"id":69806,"date":"2019-12-10T09:02:28","date_gmt":"2019-12-10T14:02:28","guid":{"rendered":"https:\/\/linitiative.ca\/International\/mondial-2022-au-qatar-lenquete-en-france-confiee-a-un-juge-dinstruction\/"},"modified":"2019-12-10T09:02:28","modified_gmt":"2019-12-10T14:02:28","slug":"mondial-2022-au-qatar-lenquete-en-france-confiee-a-un-juge-dinstruction","status":"publish","type":"post","link":"https:\/\/linitiative.ca\/International\/mondial-2022-au-qatar-lenquete-en-france-confiee-a-un-juge-dinstruction\/","title":{"rendered":"Mondial 2022 au Qatar :  L\u2019enqu\u00eate en France confi\u00e9e \u00e0 un juge d\u2019instruction"},"content":{"rendered":"<p>Apr\u00e8s trois ans d\u2019investigations, l\u2019enqu\u00eate en France sur les conditions d\u2019attribution de la Coupe du monde de football 2022 au Qatar a chang\u00e9 de dimension, avec la saisine d\u2019un juge d\u2019instruction.<\/p>\n<p>Le parquet national financier (PNF), jusqu\u2019\u00e0 pr\u00e9sent charg\u00e9 de l\u2019enqu\u00eate, lanc\u00e9e en 2016, a indiqu\u00e9 lundi avoir ouvert \u00ab r\u00e9cemment \u00bb une information judiciaire, pour des faits de \u00ab corruption active et passive \u00bb, \u00ab recel \u00bb et \u00ab blanchiment \u00bb.<\/p>\n<p>L\u2019ouverture de cette information judiciaire, r\u00e9v\u00e9l\u00e9e par le site d\u2019information Mediapart, vise \u00e0 faire la lumi\u00e8re sur les conditions dans lesquelles la Fifa a confi\u00e9 le 2 d\u00e9cembre 2010 au Qatar l\u2019organisation de la Coupe du monde 2022.<\/p>\n<p>Elle survient pr\u00e8s de six mois apr\u00e8s l\u2019audition de l\u2019ancienne star du football fran\u00e7ais, vice-pr\u00e9sident de la Fifa et pr\u00e9sident de l\u2019UEFA lors de l\u2019attribution du Mondial 2022, Michel Platini, plac\u00e9 en garde \u00e0 vue dans les locaux de l\u2019office anti-corruption (OCLCIFF), mais aussi de l\u2019ancienne conseill\u00e8re sport de l\u2019ex-pr\u00e9sident fran\u00e7ais Nicolas Sarkozy, Sophie Dion, et de l\u2019ex-secr\u00e9taire g\u00e9n\u00e9ral de la pr\u00e9sidence fran\u00e7aise, Claude Gu\u00e9ant.<\/p>\n<p>Michel Platini avait notamment \u00e9t\u00e9 interrog\u00e9 sur les raisons de son vote en faveur du Qatar lors du scrutin de d\u00e9cembre 2010.<\/p>\n<p>Au coeur des soup\u00e7ons : une r\u00e9union organis\u00e9e au palais pr\u00e9sidentiel de l\u2019Elys\u00e9e le 23 novembre 2010, \u00e0 laquelle ont particip\u00e9 le pr\u00e9sident Sarkozy, Tamim ben Hamad al-Thani \u2013 alors prince h\u00e9ritier du Qatar devenu \u00e9mir en 2013 \u2013 et Michel Platini.<\/p>\n<p>Les enqu\u00eateurs se demandent si l\u2019objet de ce d\u00e9jeuner, organis\u00e9 neuf jours seulement avant le scrutin, n\u2019\u00e9tait pas de faire basculer le vote de Platini, longtemps acquis \u00e0 la candidature am\u00e9ricaine, et si des contreparties ont eu lieu en \u00e9change de ce vote.<\/p>\n<p class=\"dpsp-share-text\">Partager c&rsquo;est aimer!<\/p>\n<div class=\"wp-post-author-wrap wp-post-author-shortcode left\">\n<h3 class=\"awpa-title\"\/>\n<div class=\"wp-post-author\">\n<div class=\"awpa-img awpa-author-block square\"><a href=\"http:\/\/lexpertjournal.net\/fr\/author\/lexpert\/\"><img loading=\"lazy\" decoding=\"async\" alt=\"\" src=\"http:\/\/1.gravatar.com\/avatar\/d6e9671d98f934a52a3a187e6c2f3f3e?s=150&#038;d=mm&#038;r=g\" srcset=\"http:\/\/1.gravatar.com\/avatar\/d6e9671d98f934a52a3a187e6c2f3f3e?s=300&#038;d=mm&#038;r=g 2x\" class=\"avatar avatar-150 photo\" height=\"150\" width=\"150\"\/><\/a><\/div>\n<\/div>\n<\/div>\n<p>Auteur: L&rsquo;Expert<br \/>\n<a href=\"http:\/\/lexpertjournal.net\/fr\/2019\/12\/10\/mondial-2022-au-qatar-lenquete-en-france-confiee-a-un-juge-dinstruction\/\">Cliquez ici pour lire l&rsquo;article depuis sa source.<\/a><\/p>\n","protected":false},"excerpt":{"rendered":"<p>Apr\u00e8s trois ans d\u2019investigations, l\u2019enqu\u00eate en France sur les conditions d\u2019attribution de la Coupe du monde de football 2022 au Qatar a chang\u00e9 de dimension, avec la saisine d\u2019un juge d\u2019instruction. Le parquet national financier (PNF), jusqu\u2019\u00e0 pr\u00e9sent charg\u00e9 de l\u2019enqu\u00eate, lanc\u00e9e en 2016, a indiqu\u00e9 lundi avoir ouvert \u00ab r\u00e9cemment \u00bb une information judiciaire, [&hellip;]<\/p>\n","protected":false},"author":1775,"featured_media":0,"comment_status":"closed","ping_status":"closed","sticky":false,"template":"","format":"standard","meta":{"fifu_image_url":"","fifu_image_alt":"","footnotes":""},"categories":[78,55],"tags":[],"class_list":["post-69806","post","type-post","status-publish","format-standard","hentry","category-economie","category-tunisie"],"_links":{"self":[{"href":"https:\/\/linitiative.ca\/International\/wp-json\/wp\/v2\/posts\/69806","targetHints":{"allow":["GET"]}}],"collection":[{"href":"https:\/\/linitiative.ca\/International\/wp-json\/wp\/v2\/posts"}],"about":[{"href":"https:\/\/linitiative.ca\/International\/wp-json\/wp\/v2\/types\/post"}],"author":[{"embeddable":true,"href":"https:\/\/linitiative.ca\/International\/wp-json\/wp\/v2\/users\/1775"}],"replies":[{"embeddable":true,"href":"https:\/\/linitiative.ca\/International\/wp-json\/wp\/v2\/comments?post=69806"}],"version-history":[{"count":0,"href":"https:\/\/linitiative.ca\/International\/wp-json\/wp\/v2\/posts\/69806\/revisions"}],"wp:attachment":[{"href":"https:\/\/linitiative.ca\/International\/wp-json\/wp\/v2\/media?parent=69806"}],"wp:term":[{"taxonomy":"category","embeddable":true,"href":"https:\/\/linitiative.ca\/International\/wp-json\/wp\/v2\/categories?post=69806"},{"taxonomy":"post_tag","embeddable":true,"href":"https:\/\/linitiative.ca\/International\/wp-json\/wp\/v2\/tags?post=69806"}],"curies":[{"name":"wp","href":"https:\/\/api.w.org\/{rel}","templated":true}]}}