{"id":69810,"date":"2019-12-10T11:18:00","date_gmt":"2019-12-10T16:18:00","guid":{"rendered":"https:\/\/linitiative.ca\/International\/les-detenus-dopinion-en-greve-de-la-faim-jusqua-vendredi\/"},"modified":"2019-12-10T11:18:00","modified_gmt":"2019-12-10T16:18:00","slug":"les-detenus-dopinion-en-greve-de-la-faim-jusqua-vendredi","status":"publish","type":"post","link":"https:\/\/linitiative.ca\/International\/les-detenus-dopinion-en-greve-de-la-faim-jusqua-vendredi\/","title":{"rendered":"Les d\u00e9tenus d\u2019opinion en gr\u00e8ve de la faim jusqu\u2019\u00e0 vendredi"},"content":{"rendered":"<div id=\"originalText\" readability=\"56\">\n<p>Des d\u00e9tenus d\u2019opinions sont en gr\u00e8ve de la faim, depuis lundi soir, pour protester contre leurs conditions de d\u00e9tention. C\u2019est ce qu\u2019ont fait savoir les avocats des prisonniers en question, ce mardi, lors d\u2019une conf\u00e9rence de presse, \u00e0 Alger, faisant savoir que la gr\u00e8ve s\u2019\u00e9talera jusqu\u2019\u00e0 vendredi.\u00a0 \u00a0<\/p>\n<p>A travers cette action de protestation, les d\u00e9tenus d\u2019opinion entendent \u00abr\u00e9it\u00e9rer leur refus de cautionner\u00bb le processus \u00e9lectoral en cours, a pr\u00e9cis\u00e9 Me Abdelghani Badi, membre du collectif d\u2019avocats des d\u00e9tenus.<\/p>\n<p>Pour sa part, Me Nouredine Benissad, pr\u00e9sident de la Ligue alg\u00e9rienne de d\u00e9fense des Droits de l\u2019Homme (LADDH), a indiqu\u00e9 que les d\u00e9tenus gr\u00e9vistes \u00abont profit\u00e9 de la comm\u00e9moration de la journ\u00e9e internationale des droits de l\u2019Homme (10 d\u00e9cembre ndlr) pour exprimer leur m\u00e9contentement\u00a0\u00bb.<\/p>\n<p class=\"c6\"><strong>Ali B<\/strong><\/p>\n<\/div>\n<div id=\"text_core\" readability=\"56\">\n<p>Des d\u00e9tenus d\u2019opinions sont en gr\u00e8ve de la faim, depuis lundi soir, pour protester contre leurs conditions de d\u00e9tention. C\u2019est ce qu\u2019ont fait savoir les avocats des prisonniers en question, ce mardi, lors d\u2019une conf\u00e9rence de presse, \u00e0 Alger, faisant savoir que la gr\u00e8ve s\u2019\u00e9talera jusqu\u2019\u00e0 vendredi.\u00a0 \u00a0<\/p>\n<p>A travers cette action de protestation, les d\u00e9tenus d\u2019opinion entendent \u00abr\u00e9it\u00e9rer leur refus de cautionner\u00bb le processus \u00e9lectoral en cours, a pr\u00e9cis\u00e9 Me Abdelghani Badi, membre du collectif d\u2019avocats des d\u00e9tenus.<\/p>\n<p>Pour sa part, Me Nouredine Benissad, pr\u00e9sident de la Ligue alg\u00e9rienne de d\u00e9fense des Droits de l\u2019Homme (LADDH), a indiqu\u00e9 que les d\u00e9tenus gr\u00e9vistes \u00abont profit\u00e9 de la comm\u00e9moration de la journ\u00e9e internationale des droits de l\u2019Homme (10 d\u00e9cembre ndlr) pour exprimer leur m\u00e9contentement\u00a0\u00bb.<\/p>\n<p class=\"c6\"><strong>Ali B<\/strong><\/p>\n<\/div>\n<p>Auteur:<br \/>\n<a href=\"https:\/\/www.liberte-algerie.com\/dossier\/les-detenus-dopinion-en-greve-de-la-faim-jusqua-vendredi-329844\">Cliquez ici pour lire l&rsquo;article depuis sa source.<\/a><\/p>\n","protected":false},"excerpt":{"rendered":"<p>Des d\u00e9tenus d\u2019opinions sont en gr\u00e8ve de la faim, depuis lundi soir, pour protester contre leurs conditions de d\u00e9tention. C\u2019est ce qu\u2019ont fait savoir les avocats des prisonniers en question, ce mardi, lors d\u2019une conf\u00e9rence de presse, \u00e0 Alger, faisant savoir que la gr\u00e8ve s\u2019\u00e9talera jusqu\u2019\u00e0 vendredi.\u00a0 \u00a0 A travers cette action de protestation, les [&hellip;]<\/p>\n","protected":false},"author":1742,"featured_media":0,"comment_status":"closed","ping_status":"closed","sticky":false,"template":"","format":"standard","meta":{"fifu_image_url":"","fifu_image_alt":"","footnotes":""},"categories":[73,53],"tags":[],"class_list":["post-69810","post","type-post","status-publish","format-standard","hentry","category-actualite","category-algerie"],"_links":{"self":[{"href":"https:\/\/linitiative.ca\/International\/wp-json\/wp\/v2\/posts\/69810","targetHints":{"allow":["GET"]}}],"collection":[{"href":"https:\/\/linitiative.ca\/International\/wp-json\/wp\/v2\/posts"}],"about":[{"href":"https:\/\/linitiative.ca\/International\/wp-json\/wp\/v2\/types\/post"}],"author":[{"embeddable":true,"href":"https:\/\/linitiative.ca\/International\/wp-json\/wp\/v2\/users\/1742"}],"replies":[{"embeddable":true,"href":"https:\/\/linitiative.ca\/International\/wp-json\/wp\/v2\/comments?post=69810"}],"version-history":[{"count":0,"href":"https:\/\/linitiative.ca\/International\/wp-json\/wp\/v2\/posts\/69810\/revisions"}],"wp:attachment":[{"href":"https:\/\/linitiative.ca\/International\/wp-json\/wp\/v2\/media?parent=69810"}],"wp:term":[{"taxonomy":"category","embeddable":true,"href":"https:\/\/linitiative.ca\/International\/wp-json\/wp\/v2\/categories?post=69810"},{"taxonomy":"post_tag","embeddable":true,"href":"https:\/\/linitiative.ca\/International\/wp-json\/wp\/v2\/tags?post=69810"}],"curies":[{"name":"wp","href":"https:\/\/api.w.org\/{rel}","templated":true}]}}