{"id":69814,"date":"2019-12-10T08:54:36","date_gmt":"2019-12-10T13:54:36","guid":{"rendered":"https:\/\/linitiative.ca\/International\/bechar-poursuite-du-vote-dans-le-bureau-itinerant-de-la-commune-frontaliere-de-beni-ounif\/"},"modified":"2019-12-10T08:54:36","modified_gmt":"2019-12-10T13:54:36","slug":"bechar-poursuite-du-vote-dans-le-bureau-itinerant-de-la-commune-frontaliere-de-beni-ounif","status":"publish","type":"post","link":"https:\/\/linitiative.ca\/International\/bechar-poursuite-du-vote-dans-le-bureau-itinerant-de-la-commune-frontaliere-de-beni-ounif\/","title":{"rendered":"Bechar: poursuite du vote dans le bureau itin\u00e9rant de la commune frontali\u00e8re de B\u00e9ni-Ounif"},"content":{"rendered":"<div readability=\"36\">\n<p><strong>BECHAR &#8211; L\u2019op\u00e9ration de vote pour les \u00e9lections pr\u00e9sidentielles du 12 d\u00e9cembre se poursuit \u00ab\u00a0dans de bonnes conditions\u00a0\u00bb mardi au niveau du bureau itin\u00e9rant de la commune frontali\u00e8re de B\u00e9ni-Ounif (100 km au nord de Bechar), a-t-on appris de la d\u00e9l\u00e9gation de wilaya de Bechar de l\u2019Autorit\u00e9 nationale ind\u00e9pendante des \u00e9lections (ANIE).<\/strong><\/p>\n<\/div>\n<div readability=\"67\">\n<p>Les 2.456 \u00e9lectrices et \u00e9lecteurs inscrits sur les listes \u00e9lectorales de ce bureau itin\u00e9rant, qui sont localis\u00e9s \u00e0 travers les localit\u00e9s rurales et \u00e9parses de Rosf-Ettayba, Fendi, Oued-Lakhdar et Oued-Namous et qui avaient commenc\u00e9 \u00e0 voter lundi, continuent aujourd\u2019hui d\u2019accomplir leur devoir \u00e9lectoral, en pr\u00e9sence de repr\u00e9sentants des candidats en lice \u00e0 cette pr\u00e9sidentielle et ceux de l\u2019ANIE, a-t-on pr\u00e9cis\u00e9.<\/p>\n<p>\u00ab\u00a0L\u2019op\u00e9ration de vote se d\u00e9roule normalement au niveau de ce bureau itin\u00e9rant o\u00f9 la caravane \u00e9lectorale mobile sillonnera de vastes \u00e9tendues pour faciliter la t\u00e2che aux \u00e9lecteurs de ces r\u00e9gions \u00e9parse et rurales, au titre du dispositif \u00e9lectoral local\u2019\u2019, a-t-on signal\u00e9.<\/p>\n<p>Les \u00e9lections pr\u00e9sidentielles du 12 d\u00e9cembre d\u00e9buteront aussi 24 heures r\u00e9glementaires avant la date du scrutin pr\u00e9sidentiel \u00e0 travers huit (8) autres bureaux itin\u00e9rants au niveau des zones rurales et \u00e9parses de la commune de Bechar (Zousfana) et de la wilaya d\u00e9l\u00e9gu\u00e9e de B\u00e9ni-Abb\u00e9s (Timoudi, B\u00e9ni-Abbes, Zghamra, Hjira, Bouhdid, Boukhlouf, Ksar El-Ma, Hassi-Abdallah, Bent Chark, Timagharine, Marhouma, Bchir, Idigh, Boudib, Ksiksou et Hassi-Erratma), selon l\u2019ANIE.<\/p>\n<\/div>\n<p>Auteur:<br \/>\n<a href=\"http:\/\/www.aps.dz\/regions\/98756-bechar-poursuite-du-vote-dans-le-bureau-itinerant-de-la-commune-frontaliere-de-beni-ounif\">Cliquez ici pour lire l&rsquo;article depuis sa source.<\/a><\/p>\n","protected":false},"excerpt":{"rendered":"<p>BECHAR &#8211; L\u2019op\u00e9ration de vote pour les \u00e9lections pr\u00e9sidentielles du 12 d\u00e9cembre se poursuit \u00ab\u00a0dans de bonnes conditions\u00a0\u00bb mardi au niveau du bureau itin\u00e9rant de la commune frontali\u00e8re de B\u00e9ni-Ounif (100 km au nord de Bechar), a-t-on appris de la d\u00e9l\u00e9gation de wilaya de Bechar de l\u2019Autorit\u00e9 nationale ind\u00e9pendante des \u00e9lections (ANIE). Les 2.456 \u00e9lectrices [&hellip;]<\/p>\n","protected":false},"author":1790,"featured_media":0,"comment_status":"closed","ping_status":"closed","sticky":false,"template":"","format":"standard","meta":{"fifu_image_url":"","fifu_image_alt":"","footnotes":""},"categories":[53,76],"tags":[],"class_list":["post-69814","post","type-post","status-publish","format-standard","hentry","category-algerie","category-regions"],"_links":{"self":[{"href":"https:\/\/linitiative.ca\/International\/wp-json\/wp\/v2\/posts\/69814","targetHints":{"allow":["GET"]}}],"collection":[{"href":"https:\/\/linitiative.ca\/International\/wp-json\/wp\/v2\/posts"}],"about":[{"href":"https:\/\/linitiative.ca\/International\/wp-json\/wp\/v2\/types\/post"}],"author":[{"embeddable":true,"href":"https:\/\/linitiative.ca\/International\/wp-json\/wp\/v2\/users\/1790"}],"replies":[{"embeddable":true,"href":"https:\/\/linitiative.ca\/International\/wp-json\/wp\/v2\/comments?post=69814"}],"version-history":[{"count":0,"href":"https:\/\/linitiative.ca\/International\/wp-json\/wp\/v2\/posts\/69814\/revisions"}],"wp:attachment":[{"href":"https:\/\/linitiative.ca\/International\/wp-json\/wp\/v2\/media?parent=69814"}],"wp:term":[{"taxonomy":"category","embeddable":true,"href":"https:\/\/linitiative.ca\/International\/wp-json\/wp\/v2\/categories?post=69814"},{"taxonomy":"post_tag","embeddable":true,"href":"https:\/\/linitiative.ca\/International\/wp-json\/wp\/v2\/tags?post=69814"}],"curies":[{"name":"wp","href":"https:\/\/api.w.org\/{rel}","templated":true}]}}