{"id":69815,"date":"2019-12-10T10:22:31","date_gmt":"2019-12-10T15:22:31","guid":{"rendered":"https:\/\/linitiative.ca\/International\/tipasa-marche-de-soutien-a-la-presidentielle-et-rejet-de-la-violence\/"},"modified":"2019-12-10T10:22:31","modified_gmt":"2019-12-10T15:22:31","slug":"tipasa-marche-de-soutien-a-la-presidentielle-et-rejet-de-la-violence","status":"publish","type":"post","link":"https:\/\/linitiative.ca\/International\/tipasa-marche-de-soutien-a-la-presidentielle-et-rejet-de-la-violence\/","title":{"rendered":"Tipasa: marche de soutien \u00e0 la pr\u00e9sidentielle et rejet de la violence"},"content":{"rendered":"<div readability=\"37\">\n<p><strong>TIPASA &#8211; Les acteurs de la soci\u00e9t\u00e9 civile \u00e0 Tipasa ont organis\u00e9, mardi, une marche pacifique pour appeler \u00e0 l\u2019imp\u00e9ratif du d\u00e9roulement de la pr\u00e9sidentielle de jeudi prochain, dans le calme et la s\u00e9r\u00e9nit\u00e9.<\/strong><\/p>\n<\/div>\n<div readability=\"88\">\n<p>Les participants \u00e0 cette marche se sont r\u00e9unis \u00e0 la place publique de la ville de Tipasa en brandissant l\u2019embl\u00e8me national et des pancartes exprimant l\u2019imp\u00e9ratif de \u00ab\u00a0pr\u00e9servation de l\u2019unit\u00e9 nationale en allant voter en force, pour \u00e9viter \u00e0 l\u2019Alg\u00e9rie le chaos et l\u2019anarchie\u00a0\u00bb.<\/p>\n<p>Les manifestants ont, \u00e9galement, scand\u00e9 des slogans d\u00e9non\u00e7ant toutes les formes de violence, notamment les actes enregistr\u00e9s dans des centres de vote de la communaut\u00e9 alg\u00e9rienne, dans certains pays europ\u00e9ens.<\/p>\n<p>Parmi eux Islam Badji, pr\u00e9sident d\u2019une association juv\u00e9nile, qui a soulign\u00e9 l\u2019imp\u00e9ratif pour toutes les franges de la soci\u00e9t\u00e9 de \u00ab\u00a0pr\u00e9server l\u2019Etat et de ne pas se laisser influencer par les appels provocateurs contre l\u2019Institution militaire\u00a0\u00bb. Il a qualifi\u00e9 l\u2019accompagnement assur\u00e9 par l\u2019Arm\u00e9e au Hirak d\u2019\u00a0\u00bbhistorique et d\u2019unique\u00a0\u00bb, n\u00e9cessitant, selon lui, \u00ab\u00a0encouragement et valorisation\u00a0\u00bb.<\/p>\n<p>La prochaine \u00e9lection pr\u00e9sidentielle est \u00ab\u00a0fatidique et d\u00e9cisive\u00a0\u00bb pour l\u2019histoire de l\u2019Alg\u00e9rie contemporaine, a soulign\u00e9 un autre citoyen, estimant que l'\u00a0\u00bbAlg\u00e9rie fait partie des pays cibl\u00e9s par des agendas \u00e9trangers\u00a0\u00bb, mais la mobilisation de l'\u00a0\u00bbArm\u00e9e nationale populaire (ANP), des institutions de l\u2019Etat et des citoyens libres et nobles a fait \u00e9chouer ces desseins\u00a0\u00bb, a-t-il assur\u00e9.<\/p>\n<p>Il a \u00e9t\u00e9 rejoint en cela par un autre citoyen, qui a lanc\u00e9 un appel aux habitants de Tipasa, en vue d'\u00a0\u00bbd\u2019\u00eatre r\u00e9actifs, \u00e0 l\u2019instar des autres wilayas du pays, aux \u00e9v\u00e9nements politiques &lsquo;historiques&rsquo; travers\u00e9s par l\u2019Alg\u00e9rie depuis le 22 f\u00e9vrier pass\u00e9\u00a0\u00bb.<\/p>\n<p>Il a lou\u00e9, entre autres, les acquis \u00ab\u00a0historiques\u00a0\u00bb obtenus, \u00ab\u00a0la renonciation au 5 e mandat du pr\u00e9sident d\u00e9missionnaire\u00a0\u00bb, et \u00ab\u00a0la lib\u00e9ration de la justice des mains de la Issaba (bande) d\u00e9sormais en prison\u00a0\u00bb, le tout \u00ab\u00a0dans une ambiance pacifique, que les plus grandes d\u00e9mocraties au monde n\u2019a pas v\u00e9cu \u00e0 ce jour\u00a0\u00bb, a soutenu ce citoyen.<\/p>\n<p>Cette marche est la 4eme du genre enregistr\u00e9e \u00e0 Tipasa, durant ces deux derni\u00e8res semaines, pour le rejet de l\u2019ing\u00e9rence \u00e9trang\u00e8re et le soutien de la pr\u00e9sidentielle du 12 d\u00e9cembre courant.<\/p>\n<\/div>\n<p>Auteur:<br \/>\n<a href=\"http:\/\/www.aps.dz\/regions\/98765-tipasa-marche-de-soutien-a-la-presidentielle-et-rejet-de-la-violence\">Cliquez ici pour lire l&rsquo;article depuis sa source.<\/a><\/p>\n","protected":false},"excerpt":{"rendered":"<p>TIPASA &#8211; Les acteurs de la soci\u00e9t\u00e9 civile \u00e0 Tipasa ont organis\u00e9, mardi, une marche pacifique pour appeler \u00e0 l\u2019imp\u00e9ratif du d\u00e9roulement de la pr\u00e9sidentielle de jeudi prochain, dans le calme et la s\u00e9r\u00e9nit\u00e9. Les participants \u00e0 cette marche se sont r\u00e9unis \u00e0 la place publique de la ville de Tipasa en brandissant l\u2019embl\u00e8me national [&hellip;]<\/p>\n","protected":false},"author":1790,"featured_media":0,"comment_status":"closed","ping_status":"closed","sticky":false,"template":"","format":"standard","meta":{"fifu_image_url":"","fifu_image_alt":"","footnotes":""},"categories":[53,76],"tags":[],"class_list":["post-69815","post","type-post","status-publish","format-standard","hentry","category-algerie","category-regions"],"_links":{"self":[{"href":"https:\/\/linitiative.ca\/International\/wp-json\/wp\/v2\/posts\/69815","targetHints":{"allow":["GET"]}}],"collection":[{"href":"https:\/\/linitiative.ca\/International\/wp-json\/wp\/v2\/posts"}],"about":[{"href":"https:\/\/linitiative.ca\/International\/wp-json\/wp\/v2\/types\/post"}],"author":[{"embeddable":true,"href":"https:\/\/linitiative.ca\/International\/wp-json\/wp\/v2\/users\/1790"}],"replies":[{"embeddable":true,"href":"https:\/\/linitiative.ca\/International\/wp-json\/wp\/v2\/comments?post=69815"}],"version-history":[{"count":0,"href":"https:\/\/linitiative.ca\/International\/wp-json\/wp\/v2\/posts\/69815\/revisions"}],"wp:attachment":[{"href":"https:\/\/linitiative.ca\/International\/wp-json\/wp\/v2\/media?parent=69815"}],"wp:term":[{"taxonomy":"category","embeddable":true,"href":"https:\/\/linitiative.ca\/International\/wp-json\/wp\/v2\/categories?post=69815"},{"taxonomy":"post_tag","embeddable":true,"href":"https:\/\/linitiative.ca\/International\/wp-json\/wp\/v2\/tags?post=69815"}],"curies":[{"name":"wp","href":"https:\/\/api.w.org\/{rel}","templated":true}]}}