{"id":69817,"date":"2019-12-10T12:13:51","date_gmt":"2019-12-10T17:13:51","guid":{"rendered":"https:\/\/linitiative.ca\/International\/2-400-actes-de-propriete-remis-aux-beneficiaires-de-logements-de-differentes-formules-a-alger\/"},"modified":"2019-12-10T12:13:51","modified_gmt":"2019-12-10T17:13:51","slug":"2-400-actes-de-propriete-remis-aux-beneficiaires-de-logements-de-differentes-formules-a-alger","status":"publish","type":"post","link":"https:\/\/linitiative.ca\/International\/2-400-actes-de-propriete-remis-aux-beneficiaires-de-logements-de-differentes-formules-a-alger\/","title":{"rendered":"2.400 actes de propri\u00e9t\u00e9 remis aux b\u00e9n\u00e9ficiaires de logements de diff\u00e9rentes formules \u00e0 Alger"},"content":{"rendered":"<div readability=\"37\">\n<p><strong>ALGER- Quelque 2.400 actes de propri\u00e9t\u00e9 ont \u00e9t\u00e9 remis, mardi, aux b\u00e9n\u00e9ficiaires de logements de diff\u00e9rentes formules r\u00e9alis\u00e9s dans le cadre des programmes publics, des logements et b\u00e2tisses construits sur des lotissements et parcelles de terrain.<\/strong><\/p>\n<\/div>\n<div readability=\"113.5\">\n<p>Supervis\u00e9e par le ministre de l&rsquo;Habitat, de l&rsquo;Urbanisme et de la Ville, Kamel Beldjoud, le wali d&rsquo;Alger Abdelkhalek Sayouda et le pr\u00e9sident de l&rsquo;Assembl\u00e9e populaire de wilaya (APW), Karim Bennour, l&rsquo;op\u00e9ration a port\u00e9 sur la remise de 2.400 actes de propri\u00e9t\u00e9 aux b\u00e9n\u00e9ficiaires de logements de diff\u00e9rentes formules, r\u00e9partis en 616 actes de propri\u00e9t\u00e9 de Logement public locatif (LPL), 1.130 actes de Logement social participatif (LSP) et Logement Promotionnel Aid\u00e9 (LPA), 184 actes de logement AADL, 365 actes de Logement promotionnel public (LPP), outre 40 actes de type Logement promotionnel libre (LPL) et 65 actes de propri\u00e9t\u00e9 relatifs \u00e0 la r\u00e9gularisation d&rsquo;assiettes fonci\u00e8res de citoyens.<\/p>\n<blockquote readability=\"15\">\n<p><em><strong>Dans ce cadre, le ministre de l&rsquo;Habitat, de l&rsquo;Urbanisme et de la Ville, Kamel Beldjoud a affirm\u00e9 que \u00ab\u00a0le Gouvernement a d\u00e9cid\u00e9, lors de sa r\u00e9union, le 30 octobre dernier, la cr\u00e9ation d&rsquo;un m\u00e9canisme gouvernemental qui aura pour mission de mettre en place un plan d&rsquo;action pour la r\u00e9gularisation de la situation de l&rsquo;ensemble des assiettes fonci\u00e8res et des logements, tant ceux r\u00e9alis\u00e9s dans le cadre des programmes publics que des logements de particuliers\u00a0\u00bb.<\/strong><\/em><\/p>\n<\/blockquote>\n<p>A cet effet, \u00ab\u00a0le Premier ministre a adress\u00e9, le 6 novembre, une instruction \u00e0 l&rsquo;ensemble des membres du Gouvernement et des walis \u00e0 travers le territoire national \u00e0 l&rsquo;effet de parachever imm\u00e9diatement toutes les mesures indispensables \u00e0 la remise des actes de propri\u00e9t\u00e9 aux propri\u00e9taires de logements\u00a0\u00bb, a indiqu\u00e9 le ministre.<\/p>\n<blockquote readability=\"15\">\n<p><em><strong>Rappelant \u00ab\u00a0la cr\u00e9ation d&rsquo;une commission nationale sous la supervision du ministre de l&rsquo;Int\u00e9rieur et des Collectivit\u00e9s locales, en coordination avec les minist\u00e8res de l&rsquo;Habitat, des Finances et de l&rsquo;Agriculture\u00a0\u00bb, M. Beldjoud a pr\u00e9cis\u00e9 que des commissions locales avaient \u00e9t\u00e9, par la suite, install\u00e9es sous la pr\u00e9sidence des walis, regroupant l&rsquo;ensemble des services concern\u00e9s et des repr\u00e9sentants des assembl\u00e9es \u00e9lues, charg\u00e9es de dresser un tableau clair sur la situation pr\u00e9valant et donner des propositions efficientes qui prennent en consid\u00e9ration les sp\u00e9cificit\u00e9s locales de la question du r\u00e8glement de la propri\u00e9t\u00e9\u00a0\u00bb.<\/strong><\/em><\/p>\n<\/blockquote>\n<p>Les commissions locales ont \u00e9t\u00e9 charg\u00e9es \u00e9galement de recenser, en l&rsquo;espace de 20 jours, tous les logements concern\u00e9s par le r\u00e8glement des actes de propri\u00e9t\u00e9 et de d\u00e9terminer les contraintes entravant l&rsquo;\u00e9laboration des actes de propri\u00e9t\u00e9, en plus de proposer les mesures devant \u00eatre mises en \u0153uvre en vue de lever les contraintes relev\u00e9es et permettre l&rsquo;\u00e9laboration des actes de propri\u00e9t\u00e9 dans les plus brefs d\u00e9lais, a-t-il dit.<\/p>\n<blockquote readability=\"8\">\n<p><em><strong>\u00ab\u00a0Vu son imposant parc de logement, un dispositif sp\u00e9cial a \u00e9t\u00e9 mis en place au niveau de la wilaya d&rsquo;Alger qui se chargera de solutionner le probl\u00e8me\u00a0\u00bb, a rappel\u00e9 le ministre.<\/strong><\/em><\/p>\n<\/blockquote>\n<p>A ce titre, il a affirm\u00e9 que \u00ab\u00a0ce m\u00e9canisme gouvernemental vise \u00e0 \u00e9viter tout d\u00e9sagr\u00e9ment aux citoyens d\u00e9sirant disposer de leurs biens et jouir pleinement de leurs droits \u00e9l\u00e9mentaires notamment \u00e0 la propri\u00e9t\u00e9 priv\u00e9e, conform\u00e9ment aux dispositions de l&rsquo;article 64 de la Constitution\u00a0\u00bb.<\/p>\n<p>Et d&rsquo;ajouter que \u00ab\u00a0ce m\u00e9canisme vise l&rsquo;\u00e9laboration d&rsquo;une base de donn\u00e9es sur la propri\u00e9t\u00e9 du parc de logement, l&rsquo;\u00e9valuation du nombre r\u00e9el des logements, la r\u00e9gularisation et la lib\u00e9ralisation d\u00e9finitive du march\u00e9 foncier en Alg\u00e9rie, outre la r\u00e9gularisation des cas en suspens dans le cadre des \u00e9changes immobiliers.<\/p>\n<blockquote readability=\"11\">\n<p><em><strong>\u00ab\u00a0Le Premier ministre, Noureddine Bedoui a donn\u00e9 des instructions strictes \u00e0 cet \u00e9gard en vue de permettre \u00e0 tout citoyen d&rsquo;avoir, dans un d\u00e9lai de six (06) mois, le titre de propri\u00e9t\u00e9 de son logement\u00a0\u00bb, a pr\u00e9cis\u00e9 M. Beldjoud.<\/strong><\/em><\/p>\n<\/blockquote>\n<p>Pour sa part, le wali d&rsquo;Alger, Abdelkhalek Sayouda a fait \u00e9tat de la poursuite de la r\u00e9gularisation des actes de propri\u00e9t\u00e9, en coordination avec les diff\u00e9rents secteurs, indiquant que \u00ab\u00a0l&rsquo;examen par le Gouvernement de la situation du programme de logements publics a r\u00e9v\u00e9l\u00e9 que la probl\u00e9matique des actes de propri\u00e9t\u00e9 dont souffrent tant de citoyens et de propri\u00e9taires priv\u00e9s de constructions b\u00e2ties sur des lotissements ou dans le cadre de Coop\u00e9ratives immobili\u00e8res, impacte n\u00e9gativement l&rsquo;op\u00e9ration d&rsquo;obtention des actes de propri\u00e9t\u00e9 de ces logements par leurs b\u00e9n\u00e9ficiaires\u00a0\u00bb.<\/p>\n<p>Il a aussi soulign\u00e9 que cette situation \u00ab\u00a0a un impact n\u00e9gatif sur l&rsquo;organisation du march\u00e9 foncier en Alg\u00e9rie et entrave l&rsquo;\u00e9laboration d&rsquo;une base de donn\u00e9es sur le parc national de logement, rendant difficile l&rsquo;\u00e9valuation de la demande r\u00e9elle sur les logements, que l&rsquo;Etat doit satisfaire, outre l&rsquo;aspect fiscal relatif aux taxes et droits li\u00e9s \u00e0 la propri\u00e9t\u00e9\u00a0\u00bb.<\/p>\n<\/div>\n<p>Auteur:<br \/>\n<a href=\"http:\/\/www.aps.dz\/regions\/98780-2-400-actes-de-propriete-remis-aux-beneficiaires-de-logements-de-differentes-formules-a-alger\">Cliquez ici pour lire l&rsquo;article depuis sa source.<\/a><\/p>\n","protected":false},"excerpt":{"rendered":"<p>ALGER- Quelque 2.400 actes de propri\u00e9t\u00e9 ont \u00e9t\u00e9 remis, mardi, aux b\u00e9n\u00e9ficiaires de logements de diff\u00e9rentes formules r\u00e9alis\u00e9s dans le cadre des programmes publics, des logements et b\u00e2tisses construits sur des lotissements et parcelles de terrain. Supervis\u00e9e par le ministre de l&rsquo;Habitat, de l&rsquo;Urbanisme et de la Ville, Kamel Beldjoud, le wali d&rsquo;Alger Abdelkhalek Sayouda [&hellip;]<\/p>\n","protected":false},"author":1790,"featured_media":0,"comment_status":"closed","ping_status":"closed","sticky":false,"template":"","format":"standard","meta":{"fifu_image_url":"","fifu_image_alt":"","footnotes":""},"categories":[53,76],"tags":[],"class_list":["post-69817","post","type-post","status-publish","format-standard","hentry","category-algerie","category-regions"],"_links":{"self":[{"href":"https:\/\/linitiative.ca\/International\/wp-json\/wp\/v2\/posts\/69817","targetHints":{"allow":["GET"]}}],"collection":[{"href":"https:\/\/linitiative.ca\/International\/wp-json\/wp\/v2\/posts"}],"about":[{"href":"https:\/\/linitiative.ca\/International\/wp-json\/wp\/v2\/types\/post"}],"author":[{"embeddable":true,"href":"https:\/\/linitiative.ca\/International\/wp-json\/wp\/v2\/users\/1790"}],"replies":[{"embeddable":true,"href":"https:\/\/linitiative.ca\/International\/wp-json\/wp\/v2\/comments?post=69817"}],"version-history":[{"count":0,"href":"https:\/\/linitiative.ca\/International\/wp-json\/wp\/v2\/posts\/69817\/revisions"}],"wp:attachment":[{"href":"https:\/\/linitiative.ca\/International\/wp-json\/wp\/v2\/media?parent=69817"}],"wp:term":[{"taxonomy":"category","embeddable":true,"href":"https:\/\/linitiative.ca\/International\/wp-json\/wp\/v2\/categories?post=69817"},{"taxonomy":"post_tag","embeddable":true,"href":"https:\/\/linitiative.ca\/International\/wp-json\/wp\/v2\/tags?post=69817"}],"curies":[{"name":"wp","href":"https:\/\/api.w.org\/{rel}","templated":true}]}}