{"id":69819,"date":"2019-12-09T14:11:40","date_gmt":"2019-12-09T19:11:40","guid":{"rendered":"https:\/\/linitiative.ca\/International\/le-1er-salon-de-lindustrie-de-transformation-de-lolive\/"},"modified":"2019-12-09T14:11:40","modified_gmt":"2019-12-09T19:11:40","slug":"le-1er-salon-de-lindustrie-de-transformation-de-lolive","status":"publish","type":"post","link":"https:\/\/linitiative.ca\/International\/le-1er-salon-de-lindustrie-de-transformation-de-lolive\/","title":{"rendered":"Le 1er Salon de l\u2019industrie de transformation de l\u2019olive"},"content":{"rendered":"<p class=\"c4\">La ville de Taourirt accueille, du 14 au 17 d\u00e9cembre courant, la premi\u00e8re \u00e9dition du Salon de l\u2019industrie de transformation de l\u2019olive, plac\u00e9e sous le th\u00e8me \u00abL\u2019industrie de transformation, un levier de l\u2019emploi et un acteur du d\u00e9veloppement\u00bb.<\/p>\n<p class=\"c4\">Organis\u00e9e notamment par le minist\u00e8re de l\u2019Agriculture, de la p\u00eache maritime, du d\u00e9veloppement rural et des eaux et for\u00eats, le conseil de la r\u00e9gion de l\u2019Oriental, la province de Taourirt, la Chambre d\u2019agriculture de l\u2019Oriental, cette manifestation a pour objectifs d\u2019accompagner, de consolider et de renforcer la dynamique du d\u00e9veloppement du secteur de l\u2019agriculture dans le cadre du projet Maroc vert, indique un communiqu\u00e9 parvenu \u00e0 la MAP.<\/p>\n<p class=\"c4\">Ce Salon vise aussi \u00e0 renforcer le r\u00f4le de la cha\u00eene de l\u2019olivier en tant que vecteur du d\u00e9veloppement \u00e9conomique et de la promotion de l\u2019emploi au niveau provincial et r\u00e9gional, rel\u00e8vent les organisateurs de cet \u00e9v\u00e8nement, initi\u00e9 \u00e9galement par les conseils provincial et municipal de Taourirt, les directions r\u00e9gionales de l\u2019Agriculture et du Conseil agricole et l\u2019Association provinciale des producteurs de l\u2019olive \u00e0 Taourirt.<\/p>\n<p class=\"c4\">L\u2019exposition, qui s\u2019\u00e9talera sur une superficie de 2.600 m2, mettra en valeur l\u2019industrie de la transformation de l\u2019olive et de ses d\u00e9riv\u00e9s ainsi que son impact direct sur le d\u00e9veloppement \u00e9conomique local et la promotion de l\u2019emploi, compte tenu de l\u2019importance du secteur de l\u2019olivier au niveau de la province de Taourirt.<\/p>\n<p class=\"c4\">Quelque 100 exposants prendront part \u00e0 cet \u00e9v\u00e8nement, en vue de faire connaitre le potentiel des organismes professionnels locaux, r\u00e9gionaux et nationaux et des grands investisseurs dans le secteur de l\u2019industrie de l\u2019olivier.<\/p>\n<p class=\"c4\">Seront tenus en parall\u00e8le des ateliers de r\u00e9flexions et des tables rondes pour le conseil et l\u2019assistance aux agriculteurs dans l\u2019esplanade r\u00e9serv\u00e9e \u00e0 cet effet, limitrophe de l\u2019aire d\u2019exposition et d\u2019une superficie de 600 m\u00e8tres carr\u00e9s, enti\u00e8rement \u00e9quip\u00e9e et fonctionnelle.<\/p>\n<p class=\"c4\">Au programme notamment un atelier technique pour la d\u00e9gustation de l\u2019huile d\u2019olive, l\u2019un des principaux produits \u00e0 forte valeur ajout\u00e9e de la r\u00e9gion, qui sera cl\u00f4tur\u00e9 par la remise du prix de la meilleure huile.<\/p>\n<p>Auteur: Soufiane ELAHMAR<br \/>\n<a href=\"http:\/\/www.mapoujda.ma\/fr\/le-1er-salon-de-lindustrie-de-transformation-de-lolive\/\">Cliquez ici pour lire l&rsquo;article depuis sa source.<\/a><\/p>\n","protected":false},"excerpt":{"rendered":"<p>La ville de Taourirt accueille, du 14 au 17 d\u00e9cembre courant, la premi\u00e8re \u00e9dition du Salon de l\u2019industrie de transformation de l\u2019olive, plac\u00e9e sous le th\u00e8me \u00abL\u2019industrie de transformation, un levier de l\u2019emploi et un acteur du d\u00e9veloppement\u00bb. Organis\u00e9e notamment par le minist\u00e8re de l\u2019Agriculture, de la p\u00eache maritime, du d\u00e9veloppement rural et des eaux [&hellip;]<\/p>\n","protected":false},"author":1788,"featured_media":0,"comment_status":"closed","ping_status":"closed","sticky":false,"template":"","format":"standard","meta":{"fifu_image_url":"","fifu_image_alt":"","footnotes":""},"categories":[54,76],"tags":[],"class_list":["post-69819","post","type-post","status-publish","format-standard","hentry","category-maroc","category-regions"],"_links":{"self":[{"href":"https:\/\/linitiative.ca\/International\/wp-json\/wp\/v2\/posts\/69819","targetHints":{"allow":["GET"]}}],"collection":[{"href":"https:\/\/linitiative.ca\/International\/wp-json\/wp\/v2\/posts"}],"about":[{"href":"https:\/\/linitiative.ca\/International\/wp-json\/wp\/v2\/types\/post"}],"author":[{"embeddable":true,"href":"https:\/\/linitiative.ca\/International\/wp-json\/wp\/v2\/users\/1788"}],"replies":[{"embeddable":true,"href":"https:\/\/linitiative.ca\/International\/wp-json\/wp\/v2\/comments?post=69819"}],"version-history":[{"count":0,"href":"https:\/\/linitiative.ca\/International\/wp-json\/wp\/v2\/posts\/69819\/revisions"}],"wp:attachment":[{"href":"https:\/\/linitiative.ca\/International\/wp-json\/wp\/v2\/media?parent=69819"}],"wp:term":[{"taxonomy":"category","embeddable":true,"href":"https:\/\/linitiative.ca\/International\/wp-json\/wp\/v2\/categories?post=69819"},{"taxonomy":"post_tag","embeddable":true,"href":"https:\/\/linitiative.ca\/International\/wp-json\/wp\/v2\/tags?post=69819"}],"curies":[{"name":"wp","href":"https:\/\/api.w.org\/{rel}","templated":true}]}}