{"id":69821,"date":"2019-12-10T13:16:20","date_gmt":"2019-12-10T18:16:20","guid":{"rendered":"https:\/\/linitiative.ca\/International\/un-individu-arrete-pour-constitution-dune-bande-criminelle\/"},"modified":"2019-12-10T13:16:20","modified_gmt":"2019-12-10T18:16:20","slug":"un-individu-arrete-pour-constitution-dune-bande-criminelle","status":"publish","type":"post","link":"https:\/\/linitiative.ca\/International\/un-individu-arrete-pour-constitution-dune-bande-criminelle\/","title":{"rendered":"Un individu arr\u00eat\u00e9 pour constitution d\u2019une bande criminelle"},"content":{"rendered":"<div class=\"single-featured\"><img alt=\"\" data-src=\"http:\/\/www.mapoujda.ma\/map\/uploads\/2019\/08\/Arrestation-dune-bande-criminelle-M750\u00d7430.jpg\"\/><\/div>\n<div class=\"entry-content clearfix single-post-content\" readability=\"54\">\n<p class=\"c4\">La brigade de la police judiciaire relevant du district de s\u00fbret\u00e9 de\u00a0Nador\u00a0a arr\u00eat\u00e9, mardi matin, sur la base d\u2019informations pr\u00e9cises fournies par les services de la Direction g\u00e9n\u00e9rale de la surveillance du territoire (DGST), un individu aux ant\u00e9c\u00e9dents judiciaires pour son implication pr\u00e9sum\u00e9e dans la constitution d\u2019une bande criminelle s\u2019activant dans le vol et le trafic de drogue et de psychotropes, et pour tentative d\u2019homicide volontaire avec une arme \u00e0 feu.<\/p>\n<p class=\"c4\">Les op\u00e9rations de pointage dans les bases de donn\u00e9es s\u00e9curitaires ont r\u00e9v\u00e9l\u00e9 que le mis en cause (35 ans) faisait l\u2019objet de plusieurs avis de recherche \u00e9mis au niveau national pour des affaires de trafic de drogues dures et de vol, a indiqu\u00e9 la Direction g\u00e9n\u00e9rale de la s\u00fbret\u00e9 nationale (DGSN) dans un communiqu\u00e9, ajoutant que le suspect\u00a0\u00e9tait soup\u00e7onn\u00e9 de participation \u00e0 une tentative d\u2019homicide volontaire avec une arme \u00e0\u00a0Nador, dont l\u2019auteur principal avait \u00e9t\u00e9 arr\u00eat\u00e9 le 18 septembre dernier.<\/p>\n<p class=\"c4\">Le suspect a \u00e9t\u00e9 plac\u00e9 en garde \u00e0 vue \u00e0 la disposition de l\u2019enqu\u00eate men\u00e9e sous le supervision de parquet comp\u00e9tent en vue de d\u00e9terminer tous les actes criminels qui lui sont reproch\u00e9s, ainsi que ses liens \u00e9ventuels avec les r\u00e9seaux de trafic international de drogues et de psychotropes, indique la m\u00eame source.<\/p>\n<\/div>\n<p>Auteur: Soufiane ELAHMAR<br \/>\n<a href=\"http:\/\/www.mapoujda.ma\/fr\/un-individu-arrete-pour-constitution-dune-bande-criminelle\/\">Cliquez ici pour lire l&rsquo;article depuis sa source.<\/a><\/p>\n","protected":false},"excerpt":{"rendered":"<p>La brigade de la police judiciaire relevant du district de s\u00fbret\u00e9 de\u00a0Nador\u00a0a arr\u00eat\u00e9, mardi matin, sur la base d\u2019informations pr\u00e9cises fournies par les services de la Direction g\u00e9n\u00e9rale de la surveillance du territoire (DGST), un individu aux ant\u00e9c\u00e9dents judiciaires pour son implication pr\u00e9sum\u00e9e dans la constitution d\u2019une bande criminelle s\u2019activant dans le vol et le [&hellip;]<\/p>\n","protected":false},"author":1788,"featured_media":69822,"comment_status":"closed","ping_status":"closed","sticky":false,"template":"","format":"standard","meta":{"fifu_image_url":"","fifu_image_alt":"","footnotes":""},"categories":[54,76],"tags":[],"class_list":["post-69821","post","type-post","status-publish","format-standard","has-post-thumbnail","hentry","category-maroc","category-regions"],"_links":{"self":[{"href":"https:\/\/linitiative.ca\/International\/wp-json\/wp\/v2\/posts\/69821","targetHints":{"allow":["GET"]}}],"collection":[{"href":"https:\/\/linitiative.ca\/International\/wp-json\/wp\/v2\/posts"}],"about":[{"href":"https:\/\/linitiative.ca\/International\/wp-json\/wp\/v2\/types\/post"}],"author":[{"embeddable":true,"href":"https:\/\/linitiative.ca\/International\/wp-json\/wp\/v2\/users\/1788"}],"replies":[{"embeddable":true,"href":"https:\/\/linitiative.ca\/International\/wp-json\/wp\/v2\/comments?post=69821"}],"version-history":[{"count":0,"href":"https:\/\/linitiative.ca\/International\/wp-json\/wp\/v2\/posts\/69821\/revisions"}],"wp:featuredmedia":[{"embeddable":true,"href":"https:\/\/linitiative.ca\/International\/wp-json\/"}],"wp:attachment":[{"href":"https:\/\/linitiative.ca\/International\/wp-json\/wp\/v2\/media?parent=69821"}],"wp:term":[{"taxonomy":"category","embeddable":true,"href":"https:\/\/linitiative.ca\/International\/wp-json\/wp\/v2\/categories?post=69821"},{"taxonomy":"post_tag","embeddable":true,"href":"https:\/\/linitiative.ca\/International\/wp-json\/wp\/v2\/tags?post=69821"}],"curies":[{"name":"wp","href":"https:\/\/api.w.org\/{rel}","templated":true}]}}