{"id":69823,"date":"2019-12-10T15:14:44","date_gmt":"2019-12-10T20:14:44","guid":{"rendered":"https:\/\/linitiative.ca\/International\/equipe-dalgerie-yacine-adli-se-confie-jai-rencontre-belmadi-mais\/"},"modified":"2019-12-10T15:14:44","modified_gmt":"2019-12-10T20:14:44","slug":"equipe-dalgerie-yacine-adli-se-confie-jai-rencontre-belmadi-mais","status":"publish","type":"post","link":"https:\/\/linitiative.ca\/International\/equipe-dalgerie-yacine-adli-se-confie-jai-rencontre-belmadi-mais\/","title":{"rendered":"Equipe d&rsquo;Alg\u00e9rie : Yacine Adli se confie : \u00abJ\u2019ai rencontr\u00e9 Belmadi, mais\u2026\u00bb"},"content":{"rendered":"<div readability=\"32\">\n<p>Auteur : <span>Moumen A.<\/span> <span class=\"time\">mardi 10 d\u00e9cembre 2019 14:43<\/span><\/p>\n<\/div>\n<div id=\"post_core\" readability=\"96\">\n<p>Buteur face \u00e0 l\u2019Olympique de Marseille, le milieu de terrain des Girondins de Bordeaux, Yacine Adli, pourrait \u00eatre appel\u00e9 en \u00e9quipe d\u2019Alg\u00e9rie. Mais \u00e0 19 ans, le tr\u00e8s technique milieu de terrain bordelais estime qu\u2019il est loin d\u2019avoir le niveau pour rejoindre les internationaux.<\/p>\n<p><strong>Tout d\u2019abord, que pouvez-vous nous dire sur votre d\u00e9faite conc\u00e9d\u00e9e ce soir au stade V\u00e9lodrome contre l\u2019OM ?<\/strong><br \/>On a pris ce match par le bon bout. Il y a eu ce but qui intervient au milieu de la premi\u00e8re mi-temps et qui nous met dans le bon chemin. Puis, on red\u00e9marre la deuxi\u00e8me mi-temps sur un mauvais rythme. Et on est surpris sur nos erreurs. C\u2019est vraiment dommage de perdre ce match.<\/p>\n<p><strong>Vous avez \u00e9t\u00e9 form\u00e9 au PSG, puis l\u00e0, vous \u00eates en train de percer avec les Girondins de Bordeaux. Comment vous sentez-vous au sein de ce club ?<\/strong><br \/>Je l\u2019ai d\u00e9j\u00e0 dit, je me sens tr\u00e8s bien au sein de mon club. Je pense qu\u2019on m\u2019a vite adapt\u00e9. Voil\u00e0, j\u2019ai de super co\u00e9quipiers. Le contexte est super bien pour s\u2019\u00e9panouir. On va donc continuer \u00e0 travailler.<\/p>\n<p><strong>En tant qu\u2019Alg\u00e9rien, avez-vous pris une d\u00e9cision concernant votre avenir en s\u00e9lection ?<\/strong><br \/>Je ne me prends pas la t\u00eate sur \u00e7a. Je n\u2019ai m\u00eame pas encore 20 matchs en Ligue 1. Parler d\u2019une s\u00e9lection avec les A est beaucoup trop t\u00f4t. Ce n\u2019est pas le moment d\u2019y penser. Je vais continuer \u00e0 travailler. Je prendrai les choses quand elles viendront. Je ne suis pas press\u00e9.\u00a0 Je vais prendre mon temps.<\/p>\n<p><strong>Vous avez sans doute suivi le parcours de l\u2019EN \u00e0 la CAN. Que pouvez-vous nous dire sur la cons\u00e9cration des Verts en Egypte ?<\/strong><br \/>Forc\u00e9ment, j\u2019\u00e9tais tr\u00e8s content pour eux lorsqu\u2019ils ont gagn\u00e9. Aujourd\u2019hui, ils ont une superbe \u00e9quipe et \u00e7a fait plaisir de voir une \u00e9quipe comme \u00e7a.<\/p>\n<p><strong>Un mot sur Mahrez qui est en course pour remporter le Ballon d\u2019Or Africain\u2026<\/strong><br \/>Je trouve que Mahrez est un super joueur qui m\u00e9rite beaucoup de choses. Apr\u00e8s, il y a aussi d\u2019autres joueurs africains qui ont fait une superbe saison. Mais je pense qu\u2019il le m\u00e9rite tout autant.<\/p>\n<p><strong>Le s\u00e9lectionneur national, Djamel Belmadi, \u00e9tait pr\u00e9sent ce soir au stade V\u00e9lodrome\u2026<\/strong><br \/>Oui, je le sais. Il y avait Belmadi qui \u00e9tait l\u00e0, j&rsquo;ai pu le rencontrer. Je n&rsquo;ai pas discut\u00e9 avec lui, je l&rsquo;ai juste salu\u00e9, avec beaucoup de respect. L&rsquo;Alg\u00e9rie a une \u00e9quipe magnifique, je ne pense pas aujourd&rsquo;hui \u00eatre au niveau pour atteindre cette \u00e9quipe-l\u00e0.<\/p>\n<p><strong>Est-ce que vous comprenez cette ferveur des supporters alg\u00e9riens par rapport \u00e0 chaque joueur qui a tendance \u00e0 briller en Europe ?<\/strong><br \/>Je comprends la ferveur qu&rsquo;il peut y avoir quand un Franco-Alg\u00e9rien perce. Je suis Franco-Alg\u00e9rien, c&rsquo;est une chance de pouvoir jouer pour deux s\u00e9lections, il faut arr\u00eater de voir \u00e7a comme quelque chose de n\u00e9gatif, il faut laisser le libre choix aux joueurs. La France et l\u2019Alg\u00e9rie sont deux grandes nations, c\u2019est flatteur de savoir qu\u2019il y a un int\u00e9r\u00eat mais je ne pense pas \u00eatre pr\u00eat pour le niveau international A car c\u2019est tr\u00e8s dur. On va travailler pour continuer \u00e0 progresser.<\/p>\n<p><strong>Entretien r\u00e9alis\u00e9 par Moumen Ait Kaci Ali<\/strong><\/p>\n<p><strong>Publi\u00e9 dans :<\/strong> <span>Belmadi<\/span> <span>Bordeaux<\/span> <span>Mahrez<\/span> <span>Yacine Adli<\/span><\/p>\n<\/div>\n<p>Auteur:<br \/>\n<a href=\"http:\/\/www.lebuteur.com\/article\/detail?titre=yacine-adli-se-confie-jai-rencontre-belmadi-mais%E2%80%A6&#038;id=93482&#038;utm_source=feedburner&#038;utm_medium=feed&#038;utm_campaign=Feed%3A+GalerieFArtciles+%28Les+derniers+articles++-+lebuteur.com%29\">Cliquez ici pour lire l&rsquo;article depuis sa source.<\/a><\/p>\n","protected":false},"excerpt":{"rendered":"<p>Auteur : Moumen A. mardi 10 d\u00e9cembre 2019 14:43 Buteur face \u00e0 l\u2019Olympique de Marseille, le milieu de terrain des Girondins de Bordeaux, Yacine Adli, pourrait \u00eatre appel\u00e9 en \u00e9quipe d\u2019Alg\u00e9rie. Mais \u00e0 19 ans, le tr\u00e8s technique milieu de terrain bordelais estime qu\u2019il est loin d\u2019avoir le niveau pour rejoindre les internationaux. Tout d\u2019abord, [&hellip;]<\/p>\n","protected":false},"author":1738,"featured_media":69824,"comment_status":"closed","ping_status":"closed","sticky":false,"template":"","format":"standard","meta":{"fifu_image_url":"","fifu_image_alt":"","footnotes":""},"categories":[53,75],"tags":[],"class_list":["post-69823","post","type-post","status-publish","format-standard","has-post-thumbnail","hentry","category-algerie","category-sport"],"_links":{"self":[{"href":"https:\/\/linitiative.ca\/International\/wp-json\/wp\/v2\/posts\/69823","targetHints":{"allow":["GET"]}}],"collection":[{"href":"https:\/\/linitiative.ca\/International\/wp-json\/wp\/v2\/posts"}],"about":[{"href":"https:\/\/linitiative.ca\/International\/wp-json\/wp\/v2\/types\/post"}],"author":[{"embeddable":true,"href":"https:\/\/linitiative.ca\/International\/wp-json\/wp\/v2\/users\/1738"}],"replies":[{"embeddable":true,"href":"https:\/\/linitiative.ca\/International\/wp-json\/wp\/v2\/comments?post=69823"}],"version-history":[{"count":0,"href":"https:\/\/linitiative.ca\/International\/wp-json\/wp\/v2\/posts\/69823\/revisions"}],"wp:featuredmedia":[{"embeddable":true,"href":"https:\/\/linitiative.ca\/International\/wp-json\/"}],"wp:attachment":[{"href":"https:\/\/linitiative.ca\/International\/wp-json\/wp\/v2\/media?parent=69823"}],"wp:term":[{"taxonomy":"category","embeddable":true,"href":"https:\/\/linitiative.ca\/International\/wp-json\/wp\/v2\/categories?post=69823"},{"taxonomy":"post_tag","embeddable":true,"href":"https:\/\/linitiative.ca\/International\/wp-json\/wp\/v2\/tags?post=69823"}],"curies":[{"name":"wp","href":"https:\/\/api.w.org\/{rel}","templated":true}]}}