{"id":69825,"date":"2019-12-10T15:14:46","date_gmt":"2019-12-10T20:14:46","guid":{"rendered":"https:\/\/linitiative.ca\/International\/international-arsenal-gabriel-martinelli-bat-un-record-de-precocite\/"},"modified":"2019-12-10T15:14:46","modified_gmt":"2019-12-10T20:14:46","slug":"international-arsenal-gabriel-martinelli-bat-un-record-de-precocite","status":"publish","type":"post","link":"https:\/\/linitiative.ca\/International\/international-arsenal-gabriel-martinelli-bat-un-record-de-precocite\/","title":{"rendered":"International : Arsenal\u00a0: Gabriel Martinelli bat un record de pr\u00e9cocit\u00e9"},"content":{"rendered":"<div readability=\"32\">\n<p>Auteur : <span class=\"time\">mardi 10 d\u00e9cembre 2019 15:15<\/span><\/p>\n<\/div>\n<div id=\"post_core\" readability=\"39\">\n<p>L\u2019occasion de battre un record de pr\u00e9cocit\u00e9. \u00c0 18 ans et 174 jours, l\u2019attaquant br\u00e9silien est devenu le plus jeune joueur \u00e0 marquer pour les Gunners, en d\u00e9marrant un match de Premier League. Martinelli est arriv\u00e9 cet \u00e9t\u00e9 en provenance de son club formateur d\u2019Ituano contre un peu plus de 6 M\u20ac. Arsenal semble avoir fait une tr\u00e8s bonne affaire sur ce transfert.Source : Footmercato.<\/p>\n<p><strong>Publi\u00e9 dans :<\/strong> <span>Arsenal<\/span> <span>Gabriel Martinelli<\/span><\/p>\n<\/div>\n<p>Auteur:<br \/>\n<a href=\"http:\/\/www.lebuteur.com\/article\/detail?titre=arsenal%C2%A0-gabriel-martinelli-bat-un-record-de-precocite&#038;id=93490&#038;utm_source=feedburner&#038;utm_medium=feed&#038;utm_campaign=Feed%3A+GalerieFArtciles+%28Les+derniers+articles++-+lebuteur.com%29\">Cliquez ici pour lire l&rsquo;article depuis sa source.<\/a><\/p>\n","protected":false},"excerpt":{"rendered":"<p>Auteur : mardi 10 d\u00e9cembre 2019 15:15 L\u2019occasion de battre un record de pr\u00e9cocit\u00e9. \u00c0 18 ans et 174 jours, l\u2019attaquant br\u00e9silien est devenu le plus jeune joueur \u00e0 marquer pour les Gunners, en d\u00e9marrant un match de Premier League. Martinelli est arriv\u00e9 cet \u00e9t\u00e9 en provenance de son club formateur d\u2019Ituano contre un peu [&hellip;]<\/p>\n","protected":false},"author":1738,"featured_media":69826,"comment_status":"closed","ping_status":"closed","sticky":false,"template":"","format":"standard","meta":{"fifu_image_url":"","fifu_image_alt":"","footnotes":""},"categories":[53,75],"tags":[],"class_list":["post-69825","post","type-post","status-publish","format-standard","has-post-thumbnail","hentry","category-algerie","category-sport"],"_links":{"self":[{"href":"https:\/\/linitiative.ca\/International\/wp-json\/wp\/v2\/posts\/69825","targetHints":{"allow":["GET"]}}],"collection":[{"href":"https:\/\/linitiative.ca\/International\/wp-json\/wp\/v2\/posts"}],"about":[{"href":"https:\/\/linitiative.ca\/International\/wp-json\/wp\/v2\/types\/post"}],"author":[{"embeddable":true,"href":"https:\/\/linitiative.ca\/International\/wp-json\/wp\/v2\/users\/1738"}],"replies":[{"embeddable":true,"href":"https:\/\/linitiative.ca\/International\/wp-json\/wp\/v2\/comments?post=69825"}],"version-history":[{"count":0,"href":"https:\/\/linitiative.ca\/International\/wp-json\/wp\/v2\/posts\/69825\/revisions"}],"wp:featuredmedia":[{"embeddable":true,"href":"https:\/\/linitiative.ca\/International\/wp-json\/"}],"wp:attachment":[{"href":"https:\/\/linitiative.ca\/International\/wp-json\/wp\/v2\/media?parent=69825"}],"wp:term":[{"taxonomy":"category","embeddable":true,"href":"https:\/\/linitiative.ca\/International\/wp-json\/wp\/v2\/categories?post=69825"},{"taxonomy":"post_tag","embeddable":true,"href":"https:\/\/linitiative.ca\/International\/wp-json\/wp\/v2\/tags?post=69825"}],"curies":[{"name":"wp","href":"https:\/\/api.w.org\/{rel}","templated":true}]}}