{"id":69827,"date":"2019-12-10T15:14:47","date_gmt":"2019-12-10T20:14:47","guid":{"rendered":"https:\/\/linitiative.ca\/International\/international-le-graet-pas-de-match-algerie-france-au-1er-semestre-2020\/"},"modified":"2019-12-10T15:14:47","modified_gmt":"2019-12-10T20:14:47","slug":"international-le-graet-pas-de-match-algerie-france-au-1er-semestre-2020","status":"publish","type":"post","link":"https:\/\/linitiative.ca\/International\/international-le-graet-pas-de-match-algerie-france-au-1er-semestre-2020\/","title":{"rendered":"International : Le Gra\u00ebt : \u00abPas de match Alg\u00e9rie-France au 1er semestre 2020\u00bb"},"content":{"rendered":"<div readability=\"32\">\n<p>Auteur : <span class=\"time\">mardi 10 d\u00e9cembre 2019 18:50<\/span><\/p>\n<\/div>\n<div id=\"post_core\" readability=\"62\">\n<p>Le projet tr\u00e8s symbolique de match amical Alg\u00e9rie-France, annonc\u00e9 pour l\u2019an prochain, n\u2019aura pas lieu au premier semestre 2020 faute de date disponible, a annonc\u00e9 mardi le pr\u00e9sident de la f\u00e9d\u00e9ration fran\u00e7aise No\u00ebl Le Gra\u00ebt, assurant n\u00e9anmoins garder la \u00ab\u2009ferme\u2009\u00bb volont\u00e9 de le concr\u00e9tiser.<\/p>\n<p>\u00ab\u2009En tout cas (ce ne sera) pas au premier semestre\u2009\u00bb, a d\u00e9clar\u00e9 le patron de la FFF, interrog\u00e9 en conf\u00e9rence de presse apr\u00e8s l\u2019annonce de la prolongation de contrat du s\u00e9lectionneur Didier Deschamps jusqu\u2019en 2022. \u00ab\u2009Ma volont\u00e9 est toujours d\u2019aller l\u00e0-bas. C\u2019est extr\u00eamement difficile, d\u2019abord de trouver des dates. Entre les dates des qualifications et la Ligue des nations c\u2019est tr\u00e8s compliqu\u00e9\u2009\u00bb, a-t-il soulign\u00e9. \u00ab\u2009Ma volont\u00e9 reste ferme.\u2009\u00bb<\/p>\n<p>Hautement symbolique en raison de l\u2019histoire commune aux deux pays, la seule rencontre France-Alg\u00e9rie a eu lieu en octobre 2001. Le match avait \u00e9t\u00e9 interrompu apr\u00e8s l\u2019envahissement du terrain par des supporters alg\u00e9riens alors que le score \u00e9tait de 4-1 pour la France. No\u00ebl Le Gra\u00ebt a toutefois r\u00e9affirm\u00e9 qu\u2019il r\u00eavait de pouvoir organiser dans un avenir proche un duel entre les champions du monde 2018 et les champions d\u2019Afrique 2019. \u00ab\u2009On a l\u2019impression que la France ne pourra jamais rencontrer l\u2019Alg\u00e9rie, mais moi j\u2019ai tellement envie. Ce sont les deux seuls pays pratiquement qui ne peuvent pas se rencontrer, alors qu\u2019il y a un attachement\u2009\u00bb, a-t-il soulign\u00e9, rappelant les liens historiques et culturels entre les deux pays.<\/p>\n<p>Le pr\u00e9sident de la FFF a pr\u00e9cis\u00e9 qu\u2019il comptait se rendre en Alg\u00e9rie \u00ab\u2009fin janvier, d\u00e9but f\u00e9vrier pour bavarder\u2009\u00bb rapporte Ouest-France.<\/p>\n<p><strong>Publi\u00e9 dans :<\/strong> <span>Le Gra\u00ebt<\/span><\/p>\n<\/div>\n<p>Auteur:<br \/>\n<a href=\"http:\/\/www.lebuteur.com\/article\/detail?titre=le-graet-pas-de-match-algerie-france-au-1er-semestre-2020&#038;id=93491&#038;utm_source=feedburner&#038;utm_medium=feed&#038;utm_campaign=Feed%3A+GalerieFArtciles+%28Les+derniers+articles++-+lebuteur.com%29\">Cliquez ici pour lire l&rsquo;article depuis sa source.<\/a><\/p>\n","protected":false},"excerpt":{"rendered":"<p>Auteur : mardi 10 d\u00e9cembre 2019 18:50 Le projet tr\u00e8s symbolique de match amical Alg\u00e9rie-France, annonc\u00e9 pour l\u2019an prochain, n\u2019aura pas lieu au premier semestre 2020 faute de date disponible, a annonc\u00e9 mardi le pr\u00e9sident de la f\u00e9d\u00e9ration fran\u00e7aise No\u00ebl Le Gra\u00ebt, assurant n\u00e9anmoins garder la \u00ab\u2009ferme\u2009\u00bb volont\u00e9 de le concr\u00e9tiser. \u00ab\u2009En tout cas (ce [&hellip;]<\/p>\n","protected":false},"author":1738,"featured_media":69828,"comment_status":"closed","ping_status":"closed","sticky":false,"template":"","format":"standard","meta":{"fifu_image_url":"","fifu_image_alt":"","footnotes":""},"categories":[53,75],"tags":[],"class_list":["post-69827","post","type-post","status-publish","format-standard","has-post-thumbnail","hentry","category-algerie","category-sport"],"_links":{"self":[{"href":"https:\/\/linitiative.ca\/International\/wp-json\/wp\/v2\/posts\/69827","targetHints":{"allow":["GET"]}}],"collection":[{"href":"https:\/\/linitiative.ca\/International\/wp-json\/wp\/v2\/posts"}],"about":[{"href":"https:\/\/linitiative.ca\/International\/wp-json\/wp\/v2\/types\/post"}],"author":[{"embeddable":true,"href":"https:\/\/linitiative.ca\/International\/wp-json\/wp\/v2\/users\/1738"}],"replies":[{"embeddable":true,"href":"https:\/\/linitiative.ca\/International\/wp-json\/wp\/v2\/comments?post=69827"}],"version-history":[{"count":0,"href":"https:\/\/linitiative.ca\/International\/wp-json\/wp\/v2\/posts\/69827\/revisions"}],"wp:featuredmedia":[{"embeddable":true,"href":"https:\/\/linitiative.ca\/International\/wp-json\/"}],"wp:attachment":[{"href":"https:\/\/linitiative.ca\/International\/wp-json\/wp\/v2\/media?parent=69827"}],"wp:term":[{"taxonomy":"category","embeddable":true,"href":"https:\/\/linitiative.ca\/International\/wp-json\/wp\/v2\/categories?post=69827"},{"taxonomy":"post_tag","embeddable":true,"href":"https:\/\/linitiative.ca\/International\/wp-json\/wp\/v2\/tags?post=69827"}],"curies":[{"name":"wp","href":"https:\/\/api.w.org\/{rel}","templated":true}]}}