{"id":69833,"date":"2019-12-09T18:00:00","date_gmt":"2019-12-09T23:00:00","guid":{"rendered":"https:\/\/linitiative.ca\/International\/cable-a-fibre-optique-entre-lespagne-et-lalgerie-le-haut-debit-renforce\/"},"modified":"2019-12-09T18:00:00","modified_gmt":"2019-12-09T23:00:00","slug":"cable-a-fibre-optique-entre-lespagne-et-lalgerie-le-haut-debit-renforce","status":"publish","type":"post","link":"https:\/\/linitiative.ca\/International\/cable-a-fibre-optique-entre-lespagne-et-lalgerie-le-haut-debit-renforce\/","title":{"rendered":"C\u00e2ble \u00e0 fibre optique entre l\u2019Espagne et l\u2019Alg\u00e9rie : Le haut d\u00e9bit renforc\u00e9"},"content":{"rendered":"<p>Le syst\u00e8me de c\u00e2ble sous-marin \u00e0 fibre optique reliant le r\u00e9seau de t\u00e9l\u00e9communications\u00a0 national, \u00e0 partir d\u2019Oran et d\u2019Alger, au r\u00e9seau europ\u00e9en, \u00e0 la ville de Valence, r\u00e9cemment inaugur\u00e9, \u00abva permettre de s\u00e9curiser davantage le r\u00e9seau\u00a0 de t\u00e9l\u00e9communication alg\u00e9rien\u00bb.<br \/>C\u2019est ce qu\u2019a affirm\u00e9 la ministre de la Poste, des T\u00e9l\u00e9communications, des\u00a0 Technologies et du Num\u00e9rique, Mme Houda-Imane Faraoun qui s\u2019est exprim\u00e9e, hier,\u00a0 dans\u00a0 l\u2019\u00e9mission matinale \u00abl\u2019Invit\u00e9 de la r\u00e9daction\u00bb de la Radio Cha\u00eene 3. Elle a affirm\u00e9 que \u00abce nouvel acquis garantira une meilleure connexion pour tous les Alg\u00e9riens\u00bb, cette nouvelle voie est une garantie, en cas d\u2019incident majeur, et \u00able r\u00e9seau national sera toujours connect\u00e9 au monde\u00bb.<br \/>Selon elle, ce nouvel acquis permettra d\u2019avoir assez de d\u00e9bit pour tous les clients\u00a0 d\u2019internet et les futurs clients, pour qu\u2019ils puissent se servir du d\u00e9bit \u00e0 volont\u00e9 sans aucune restriction.<br \/>\u00abOn est tranquille pour les ann\u00e9es \u00e0 venir,\u00a0 ce c\u00e2ble est d\u2019une capacit\u00e9 de 40 terabit\u00bb, a-t-elle assur\u00e9 avant d\u2019ajouter que notre pays a gagn\u00e9 en plus d\u2019un c\u00e2ble, une station nationale\u00a0 qui pourra, dans le futur, accueillir plusieurs autres c\u00e2bles. \u00abCette infrastructure 100% alg\u00e9rienne, sera exploit\u00e9e dans son int\u00e9gralit\u00e9 par l\u2019op\u00e9rateur public national, \u00e0 travers Alg\u00e9rie T\u00e9l\u00e9com en Alg\u00e9rie et \u00e0 Alg\u00e9rie T\u00e9l\u00e9com Europe en Espagne\u00bb, a-t-elle dit. Evoquant le retard enregistr\u00e9 dans la r\u00e9alisation de cet ouvrage,\u00a0 et qui est estim\u00e9 \u00e0 18 mois, la ministre a fait savoir que \u00abce retard est d\u00fb essentiellement aux multiples probl\u00e8mes dans la conduite et la gestion des travaux de la station d&rsquo;atterrissement du c\u00e2ble \u00bb. La ministre a, \u00e9galement imput\u00e9 ce retard \u00e0 des raisons administratives, juridiques et organisationnelles qu\u2019il a fallu r\u00e9gler pr\u00e9alablement. Cependant, Mme Faraoun a\u00a0 reconnu que le r\u00e9seau actuel \u00e9tait insuffisant, d\u2019o\u00f9 la mauvaise qualit\u00e9\u00a0 des connections\u00a0 constat\u00e9e par les internautes, cela dit, l\u2019h\u00f4te de la r\u00e9daction a assur\u00e9 que \u00abla situation va s\u2019am\u00e9liorer tout prochainement\u00bb. La ministre a chiffr\u00e9 les bons r\u00e9sultats financiers enregistr\u00e9s sur trois ann\u00e9es par les fili\u00e8res fixe, mobile et satellitaire du Groupe T\u00e9l\u00e9com, \u00e0 129 milliards de dinars, faisant passer le capital du groupe \u00e0 220 milliards de dinars. Des b\u00e9n\u00e9fices \u00abpartiellement r\u00e9investis, ajoute-t-elle, dans les infrastructures\u00bb.\u00a0\u00a0 L\u2019autre annonce importante concerne l&rsquo;obtention par l\u2019op\u00e9rateur historique de t\u00e9l\u00e9phonie mobile d&rsquo;une licence\u00a0 de t\u00e9l\u00e9communications\u00a0 au Mali,\u00a0 \u00abMobilis a obtenu un accord pr\u00e9liminaire d&rsquo;attribution provisoire d&rsquo;une\u00a0 licence globale (2G, 3G et 4G) pour se d\u00e9ployer dans ce pays voisin\u00bb, a annonc\u00e9 la ministre. Mme Faraoun a \u00e9galement\u00a0\u00a0 affirm\u00e9 que l&rsquo;op\u00e9rateur Mobilis vient de recevoir un \u00e9crit officiel des autorit\u00e9s maliennes lui notifiant que son offre technico-financi\u00e8re a obtenu un accord pour l&rsquo;obtention d&rsquo;une licence globale.<br \/>Il s&rsquo;agit, selon elle, d&rsquo;un accord pr\u00e9liminaire d&rsquo;attribution provisoire de la licence \u00e0 l&rsquo;op\u00e9rateur alg\u00e9rien qui devra n\u00e9gocier les termes qui seront conclus durant les prochaines semaines afin d&rsquo;ouvrir une nouvelle filiale du Groupe\u00a0 T\u00e9l\u00e9com Alg\u00e9rie au Mali, \u00abl&rsquo;op\u00e9rateur\u00a0 doit se d\u00e9placer au Mali pour signer les documents et concr\u00e9tiser les derni\u00e8res d\u00e9marches, notamment financi\u00e8res, et d\u00e9marrer des travaux\u00bb, a d\u00e9taill\u00e9 Mme Faraoun.<br \/>Sarah Benali Cherif<\/p>\n<p>Auteur: elmoudjahid<br \/>\n<a href=\"http:\/\/www.elmoudjahid.com\/fr\/actualites\/145558\">Cliquez ici pour lire l&rsquo;article depuis sa source.<\/a><\/p>\n","protected":false},"excerpt":{"rendered":"<p>Le syst\u00e8me de c\u00e2ble sous-marin \u00e0 fibre optique reliant le r\u00e9seau de t\u00e9l\u00e9communications\u00a0 national, \u00e0 partir d\u2019Oran et d\u2019Alger, au r\u00e9seau europ\u00e9en, \u00e0 la ville de Valence, r\u00e9cemment inaugur\u00e9, \u00abva permettre de s\u00e9curiser davantage le r\u00e9seau\u00a0 de t\u00e9l\u00e9communication alg\u00e9rien\u00bb.C\u2019est ce qu\u2019a affirm\u00e9 la ministre de la Poste, des T\u00e9l\u00e9communications, des\u00a0 Technologies et du Num\u00e9rique, Mme [&hellip;]<\/p>\n","protected":false},"author":1744,"featured_media":0,"comment_status":"closed","ping_status":"closed","sticky":false,"template":"","format":"standard","meta":{"fifu_image_url":"","fifu_image_alt":"","footnotes":""},"categories":[73,53],"tags":[],"class_list":["post-69833","post","type-post","status-publish","format-standard","hentry","category-actualite","category-algerie"],"_links":{"self":[{"href":"https:\/\/linitiative.ca\/International\/wp-json\/wp\/v2\/posts\/69833","targetHints":{"allow":["GET"]}}],"collection":[{"href":"https:\/\/linitiative.ca\/International\/wp-json\/wp\/v2\/posts"}],"about":[{"href":"https:\/\/linitiative.ca\/International\/wp-json\/wp\/v2\/types\/post"}],"author":[{"embeddable":true,"href":"https:\/\/linitiative.ca\/International\/wp-json\/wp\/v2\/users\/1744"}],"replies":[{"embeddable":true,"href":"https:\/\/linitiative.ca\/International\/wp-json\/wp\/v2\/comments?post=69833"}],"version-history":[{"count":0,"href":"https:\/\/linitiative.ca\/International\/wp-json\/wp\/v2\/posts\/69833\/revisions"}],"wp:attachment":[{"href":"https:\/\/linitiative.ca\/International\/wp-json\/wp\/v2\/media?parent=69833"}],"wp:term":[{"taxonomy":"category","embeddable":true,"href":"https:\/\/linitiative.ca\/International\/wp-json\/wp\/v2\/categories?post=69833"},{"taxonomy":"post_tag","embeddable":true,"href":"https:\/\/linitiative.ca\/International\/wp-json\/wp\/v2\/tags?post=69833"}],"curies":[{"name":"wp","href":"https:\/\/api.w.org\/{rel}","templated":true}]}}