{"id":69834,"date":"2019-12-09T18:00:00","date_gmt":"2019-12-09T23:00:00","guid":{"rendered":"https:\/\/linitiative.ca\/International\/m-boukadoum-a-un-journal-italien-il-ny-a-pas-de-doute-sur-la-transparence-de-la-presidentielle\/"},"modified":"2019-12-09T18:00:00","modified_gmt":"2019-12-09T23:00:00","slug":"m-boukadoum-a-un-journal-italien-il-ny-a-pas-de-doute-sur-la-transparence-de-la-presidentielle","status":"publish","type":"post","link":"https:\/\/linitiative.ca\/International\/m-boukadoum-a-un-journal-italien-il-ny-a-pas-de-doute-sur-la-transparence-de-la-presidentielle\/","title":{"rendered":"M. Boukadoum \u00e0 un journal italien : \u00abIl n\u2019y a pas de doute sur la transparence de la pr\u00e9sidentielle\u00bb"},"content":{"rendered":"<p><strong>M. Boukadoum a soutenu que \u00able changement en Alg\u00e9rie est absolument pacifique\u00bb, d\u00e9fiant quiconque de relever \u00abde la violence dans les manifestations, mais aussi dans la r\u00e9ponse des forces de s\u00e9curit\u00e9\u00bb.<\/strong><\/p>\n<p>Le ministre des Affaires \u00e9trang\u00e8res, Sabri Boukadoum, a affirm\u00e9, hier, qu\u2019\u00abil n\u2019y a pas de doute sur la transparence\u00bb de l\u2019\u00e9lection pr\u00e9sidentielle du 12 d\u00e9cembre, \u00aborganis\u00e9e pour la premi\u00e8re fois\u00bb par une Autorit\u00e9 ind\u00e9pendante des \u00e9lections (ANIE). \u00abIl n\u2019y a pas de doute sur la transparence de ce scrutin. Les pr\u00e9rogatives du gouvernement ont \u00e9t\u00e9 transf\u00e9r\u00e9es, pour la premi\u00e8re fois, \u00e0 une autorit\u00e9 ind\u00e9pendante (ANIE), compos\u00e9e de magistrats et de repr\u00e9sentants de la soci\u00e9t\u00e9 civile\u00bb, a indiqu\u00e9 M. Boukadoum, dans une interview au journal Corriere della Sera. Le ministre a soulign\u00e9 \u00e0 cet effet que \u00abchaque citoyen peut participer au contr\u00f4le avant, durant et apr\u00e8s le scrutin\u00bb. \u00a0\u00a0\u00a0<br \/>Dans le m\u00eame sens, M. Boukadoum a soutenu que \u00able changement en Alg\u00e9rie est absolument pacifique\u00bb, d\u00e9fiant quiconque de relever \u00abde la violence dans les manifestations, mais aussi dans la r\u00e9ponse des forces de s\u00e9curit\u00e9\u00bb. \u00c0 une question sur la r\u00e9solution du Parlement europ\u00e9en sur la situation en Alg\u00e9rie, le ministre a relev\u00e9 qu\u2019\u00abil y a certainement des attentions \u00e9trang\u00e8res sur notre pays\u00bb, soulignant que \u00abrefuser toute intervention ext\u00e9rieure est dans notre ADN\u00bb. \u00abLa r\u00e9solution du Parlement europ\u00e9en a \u00e9t\u00e9 choquante. Une insulte. Cela aurait \u00e9t\u00e9 compr\u00e9hensible si les manifestations avaient \u00e9t\u00e9 violentes, sans discussions avec l\u2019opposition, s\u2019il n\u2019y avait pas d\u2019\u00e9lections\u00bb, a-t-il affirm\u00e9, soulignant que l\u2019Alg\u00e9rie \u00abn\u2019accepte pas des le\u00e7ons de l\u2019Europe et le Parlement europ\u00e9en est all\u00e9 trop loin\u00bb.<br \/>\u00c0 propos des partis de l\u2019opposition, il a r\u00e9torqu\u00e9 qu\u2019\u00abil y a toujours eu un dialogue\u00bb, d\u00e9plorant que \u00abcertains renient tout cela\u00bb. \u00abAucun gouvernement ne d\u00e9tient 100% des consensus. Mais, maintenant, les choses sont en train de changer et beaucoup qui \u00e9taient absolument contre, durant l\u2019\u00e9t\u00e9, sont \u00e0 pr\u00e9sent en faveur des \u00e9lections\u00bb, a fait observer M. Boukadoum. \u00abUne l\u00e9gitimation du changement, qui passe \u00e0 travers le vote, est n\u00e9cessaire. Il n\u2019y a pas d\u2019autres options\u00bb, a encore soulign\u00e9 le ministre.<br \/>R\u00e9pondant \u00e0 une question sur \u00abla r\u00e9sistance\u00bb de la part de l\u2019entourage de l\u2019ex-pr\u00e9sident de la R\u00e9publique, Abdelaziz Bouteflika, le ministre a affirm\u00e9 que \u00abcela n\u2019est pas vrai\u00bb, soutenant qu\u2019\u00abil y a d\u00e9j\u00e0 un changement\u00bb et que l\u2019Alg\u00e9rie \u00abn\u2019est pas un pays fig\u00e9\u00bb. \u00abPlus de 60% de la population a moins de 30 ans. Le pr\u00e9sident a chang\u00e9 et si vous regardez le gouvernement en place, beaucoup d\u2019entre nous sont des technocrates sans appartenance politique. Des d\u00e9cisions cruciales nous attendent en \u00e9conomie, en politique et en diplomatie\u00bb, a-t-il poursuivi. Interrog\u00e9 sur le r\u00f4le de l\u2019Arm\u00e9e nationale populaire, le chef de la diplomatie alg\u00e9rienne a soulign\u00e9 que l\u2019arm\u00e9e a \u00e9t\u00e9 la garante du fonctionnement normal des institutions, rappelant que l\u2019ANP \u00abne peut pas intervenir dans les d\u00e9cisions politiques\u00bb. S\u2019agissant du \u00abprintemps arabe qui n\u2019a pas touch\u00e9 l\u2019Alg\u00e9rie\u00bb, M. Boukadoum a rappel\u00e9 qu\u2019\u00abapr\u00e8s avoir souffert dans les ann\u00e9es 1990, les Alg\u00e9riens ont compris que les pr\u00e9tendus Printemps arabes n\u2019auraient pas donn\u00e9 de bonnes fleurs et qu\u2019il pouvait y avoir des mains \u00e9trang\u00e8res derri\u00e8re\u00bb.<br \/>\u00a0<\/p>\n<p>Auteur: elmoudjahid<br \/>\n<a href=\"http:\/\/www.elmoudjahid.com\/fr\/actualites\/145559\">Cliquez ici pour lire l&rsquo;article depuis sa source.<\/a><\/p>\n","protected":false},"excerpt":{"rendered":"<p>M. Boukadoum a soutenu que \u00able changement en Alg\u00e9rie est absolument pacifique\u00bb, d\u00e9fiant quiconque de relever \u00abde la violence dans les manifestations, mais aussi dans la r\u00e9ponse des forces de s\u00e9curit\u00e9\u00bb. Le ministre des Affaires \u00e9trang\u00e8res, Sabri Boukadoum, a affirm\u00e9, hier, qu\u2019\u00abil n\u2019y a pas de doute sur la transparence\u00bb de l\u2019\u00e9lection pr\u00e9sidentielle du 12 [&hellip;]<\/p>\n","protected":false},"author":1744,"featured_media":0,"comment_status":"closed","ping_status":"closed","sticky":false,"template":"","format":"standard","meta":{"fifu_image_url":"","fifu_image_alt":"","footnotes":""},"categories":[73,53],"tags":[],"class_list":["post-69834","post","type-post","status-publish","format-standard","hentry","category-actualite","category-algerie"],"_links":{"self":[{"href":"https:\/\/linitiative.ca\/International\/wp-json\/wp\/v2\/posts\/69834","targetHints":{"allow":["GET"]}}],"collection":[{"href":"https:\/\/linitiative.ca\/International\/wp-json\/wp\/v2\/posts"}],"about":[{"href":"https:\/\/linitiative.ca\/International\/wp-json\/wp\/v2\/types\/post"}],"author":[{"embeddable":true,"href":"https:\/\/linitiative.ca\/International\/wp-json\/wp\/v2\/users\/1744"}],"replies":[{"embeddable":true,"href":"https:\/\/linitiative.ca\/International\/wp-json\/wp\/v2\/comments?post=69834"}],"version-history":[{"count":0,"href":"https:\/\/linitiative.ca\/International\/wp-json\/wp\/v2\/posts\/69834\/revisions"}],"wp:attachment":[{"href":"https:\/\/linitiative.ca\/International\/wp-json\/wp\/v2\/media?parent=69834"}],"wp:term":[{"taxonomy":"category","embeddable":true,"href":"https:\/\/linitiative.ca\/International\/wp-json\/wp\/v2\/categories?post=69834"},{"taxonomy":"post_tag","embeddable":true,"href":"https:\/\/linitiative.ca\/International\/wp-json\/wp\/v2\/tags?post=69834"}],"curies":[{"name":"wp","href":"https:\/\/api.w.org\/{rel}","templated":true}]}}