{"id":69835,"date":"2019-12-09T18:00:00","date_gmt":"2019-12-09T23:00:00","guid":{"rendered":"https:\/\/linitiative.ca\/International\/algerie-pnud-echange-sur-la-prise-en-charge-des-franges-vulnerables\/"},"modified":"2019-12-09T18:00:00","modified_gmt":"2019-12-09T23:00:00","slug":"algerie-pnud-echange-sur-la-prise-en-charge-des-franges-vulnerables","status":"publish","type":"post","link":"https:\/\/linitiative.ca\/International\/algerie-pnud-echange-sur-la-prise-en-charge-des-franges-vulnerables\/","title":{"rendered":"Alg\u00e9rie &#8211; PNUD    :  \u00e9change sur la prise en charge  des franges vuln\u00e9rables"},"content":{"rendered":"<p>La ministre de la Solidarit\u00e9, de la Famille et de la Condition de la femme, Ghania Eddalia, a re\u00e7u, dimanche dernier \u00e0 Alger, la repr\u00e9sentante r\u00e9sidente du Programme des Nations Unies pour le d\u00e9veloppement (PNUD) en Alg\u00e9rie, Blerta Aliko, avec laquelle elle pass\u00e9 en revue les diff\u00e9rentes mesures adopt\u00e9es par le minist\u00e8re pour la prise en charge des franges vuln\u00e9rables et n\u00e9cessiteuses en Alg\u00e9rie, a indiqu\u00e9 un communiqu\u00e9 de ce minist\u00e8re. A cette occasion, \u00abla ministre a pr\u00e9sent\u00e9 les diff\u00e9rentes mesures adopt\u00e9es par son d\u00e9partement dans le cadre de la prise en charge des franges vuln\u00e9rables et n\u00e9cessiteuses en Alg\u00e9rie, ainsi que les programmes d\u00e9di\u00e9s au soutien des femmes, notamment la femme rurale\u00bb, a pr\u00e9cis\u00e9 le communiqu\u00e9.<br \/>Les deux parties ont fait part de leur volont\u00e9 de promouvoir l&rsquo;\u00e9change des exp\u00e9riences et l&rsquo;accompagnement, surtout dans le domaine du d\u00e9veloppement social et la prise en charge des personnes handicap\u00e9es\u00bb, a conclu la m\u00eame source.<\/p>\n<p>Auteur: elmoudjahid<br \/>\n<a href=\"http:\/\/www.elmoudjahid.com\/fr\/actualites\/145560\">Cliquez ici pour lire l&rsquo;article depuis sa source.<\/a><\/p>\n","protected":false},"excerpt":{"rendered":"<p>La ministre de la Solidarit\u00e9, de la Famille et de la Condition de la femme, Ghania Eddalia, a re\u00e7u, dimanche dernier \u00e0 Alger, la repr\u00e9sentante r\u00e9sidente du Programme des Nations Unies pour le d\u00e9veloppement (PNUD) en Alg\u00e9rie, Blerta Aliko, avec laquelle elle pass\u00e9 en revue les diff\u00e9rentes mesures adopt\u00e9es par le minist\u00e8re pour la prise [&hellip;]<\/p>\n","protected":false},"author":1744,"featured_media":0,"comment_status":"closed","ping_status":"closed","sticky":false,"template":"","format":"standard","meta":{"fifu_image_url":"","fifu_image_alt":"","footnotes":""},"categories":[73,53],"tags":[],"class_list":["post-69835","post","type-post","status-publish","format-standard","hentry","category-actualite","category-algerie"],"_links":{"self":[{"href":"https:\/\/linitiative.ca\/International\/wp-json\/wp\/v2\/posts\/69835","targetHints":{"allow":["GET"]}}],"collection":[{"href":"https:\/\/linitiative.ca\/International\/wp-json\/wp\/v2\/posts"}],"about":[{"href":"https:\/\/linitiative.ca\/International\/wp-json\/wp\/v2\/types\/post"}],"author":[{"embeddable":true,"href":"https:\/\/linitiative.ca\/International\/wp-json\/wp\/v2\/users\/1744"}],"replies":[{"embeddable":true,"href":"https:\/\/linitiative.ca\/International\/wp-json\/wp\/v2\/comments?post=69835"}],"version-history":[{"count":0,"href":"https:\/\/linitiative.ca\/International\/wp-json\/wp\/v2\/posts\/69835\/revisions"}],"wp:attachment":[{"href":"https:\/\/linitiative.ca\/International\/wp-json\/wp\/v2\/media?parent=69835"}],"wp:term":[{"taxonomy":"category","embeddable":true,"href":"https:\/\/linitiative.ca\/International\/wp-json\/wp\/v2\/categories?post=69835"},{"taxonomy":"post_tag","embeddable":true,"href":"https:\/\/linitiative.ca\/International\/wp-json\/wp\/v2\/tags?post=69835"}],"curies":[{"name":"wp","href":"https:\/\/api.w.org\/{rel}","templated":true}]}}