{"id":69836,"date":"2019-12-09T18:00:00","date_gmt":"2019-12-09T23:00:00","guid":{"rendered":"https:\/\/linitiative.ca\/International\/il-collectait-des-informations-sur-le-vote-au-profit-dun-pays-etranger-un-ex-membre-de-la-direction-de-campagne-de-benflis-arrete-pour-espionnage\/"},"modified":"2019-12-09T18:00:00","modified_gmt":"2019-12-09T23:00:00","slug":"il-collectait-des-informations-sur-le-vote-au-profit-dun-pays-etranger-un-ex-membre-de-la-direction-de-campagne-de-benflis-arrete-pour-espionnage","status":"publish","type":"post","link":"https:\/\/linitiative.ca\/International\/il-collectait-des-informations-sur-le-vote-au-profit-dun-pays-etranger-un-ex-membre-de-la-direction-de-campagne-de-benflis-arrete-pour-espionnage\/","title":{"rendered":"Il collectait des informations sur le vote au profit d\u2019un pays \u00e9tranger : Un ex-membre de la direction de campagne de Benflis, arr\u00eat\u00e9 pour espionnage"},"content":{"rendered":"<p>L\u2019auteur pr\u00e9sum\u00e9 d\u2019un acte d\u2019espionnage a \u00e9t\u00e9 plac\u00e9, hier, sous mandat de d\u00e9p\u00f4t, a indiqu\u00e9 le procureur de la R\u00e9publique pr\u00e8s le tribunal de Bir Mourad Ra\u00efs, dans un communiqu\u00e9.<br \/>L\u2019enqu\u00eate judiciaire a confirm\u00e9 que le mis en cause, B. S., est un ex-membre de la direction de la campagne \u00e9lectorale du candidat \u00e0 la pr\u00e9sidentielle, Ali Benflis. Le mis en cause \u00e9tait charg\u00e9 de la collecte d\u2019informations sur la situation en Alg\u00e9rie, notamment\u00a0 celles relatives aux pr\u00e9paratifs de la prochaine \u00e9lection pr\u00e9sidentielle, au profit de pays \u00e9trangers. Le mis en cause a avou\u00e9, lors de l\u2019enqu\u00eate, qu\u2019il a fait la connaissance du candidat Ali Benflis en 2003, et qu\u2019il lui a rendu plusieurs services, dont le r\u00e8glement d\u2019un probl\u00e8me li\u00e9 \u00e0 un compte bancaire domicili\u00e9 dans ce pays \u00e9tranger, en son nom et au nom de son \u00e9pouse.<br \/>Le juge d\u2019instruction a ordonn\u00e9 sa mise en d\u00e9tention provisoire.<br \/>Le procureur de la R\u00e9publique pr\u00e8s le tribunal de Bir Mourad Ra\u00efs, Fethi Lakhal, a pr\u00e9cis\u00e9, dans le communiqu\u00e9, que \u00abcette affaire a fait l\u2019objet d\u2019investigations approfondies, ayant permis l\u2019identification et l\u2019arrestation du mis en cause\u00bb.<br \/>Les services de s\u00e9curit\u00e9 avaient annonc\u00e9 \u00abla mise en \u00e9chec d\u2019un plan d\u2019infiltration de la campagne d\u2019Ali Benflis, candidat \u00e0 la pr\u00e9sidentielle du 12 d\u00e9cembre, par\u00a0 des forces \u00e9trang\u00e8res\u00bb.<br \/>Neila Benrahal<br \/>\u00a0<\/p>\n<p>Auteur: elmoudjahid<br \/>\n<a href=\"http:\/\/www.elmoudjahid.com\/fr\/actualites\/145561\">Cliquez ici pour lire l&rsquo;article depuis sa source.<\/a><\/p>\n","protected":false},"excerpt":{"rendered":"<p>L\u2019auteur pr\u00e9sum\u00e9 d\u2019un acte d\u2019espionnage a \u00e9t\u00e9 plac\u00e9, hier, sous mandat de d\u00e9p\u00f4t, a indiqu\u00e9 le procureur de la R\u00e9publique pr\u00e8s le tribunal de Bir Mourad Ra\u00efs, dans un communiqu\u00e9.L\u2019enqu\u00eate judiciaire a confirm\u00e9 que le mis en cause, B. S., est un ex-membre de la direction de la campagne \u00e9lectorale du candidat \u00e0 la pr\u00e9sidentielle, [&hellip;]<\/p>\n","protected":false},"author":1744,"featured_media":0,"comment_status":"closed","ping_status":"closed","sticky":false,"template":"","format":"standard","meta":{"fifu_image_url":"","fifu_image_alt":"","footnotes":""},"categories":[73,53],"tags":[],"class_list":["post-69836","post","type-post","status-publish","format-standard","hentry","category-actualite","category-algerie"],"_links":{"self":[{"href":"https:\/\/linitiative.ca\/International\/wp-json\/wp\/v2\/posts\/69836","targetHints":{"allow":["GET"]}}],"collection":[{"href":"https:\/\/linitiative.ca\/International\/wp-json\/wp\/v2\/posts"}],"about":[{"href":"https:\/\/linitiative.ca\/International\/wp-json\/wp\/v2\/types\/post"}],"author":[{"embeddable":true,"href":"https:\/\/linitiative.ca\/International\/wp-json\/wp\/v2\/users\/1744"}],"replies":[{"embeddable":true,"href":"https:\/\/linitiative.ca\/International\/wp-json\/wp\/v2\/comments?post=69836"}],"version-history":[{"count":0,"href":"https:\/\/linitiative.ca\/International\/wp-json\/wp\/v2\/posts\/69836\/revisions"}],"wp:attachment":[{"href":"https:\/\/linitiative.ca\/International\/wp-json\/wp\/v2\/media?parent=69836"}],"wp:term":[{"taxonomy":"category","embeddable":true,"href":"https:\/\/linitiative.ca\/International\/wp-json\/wp\/v2\/categories?post=69836"},{"taxonomy":"post_tag","embeddable":true,"href":"https:\/\/linitiative.ca\/International\/wp-json\/wp\/v2\/tags?post=69836"}],"curies":[{"name":"wp","href":"https:\/\/api.w.org\/{rel}","templated":true}]}}