{"id":69837,"date":"2019-12-09T18:00:00","date_gmt":"2019-12-09T23:00:00","guid":{"rendered":"https:\/\/linitiative.ca\/International\/lambassadeur-ditalie-rend-visite-a-el-moudjahid\/"},"modified":"2019-12-09T18:00:00","modified_gmt":"2019-12-09T23:00:00","slug":"lambassadeur-ditalie-rend-visite-a-el-moudjahid","status":"publish","type":"post","link":"https:\/\/linitiative.ca\/International\/lambassadeur-ditalie-rend-visite-a-el-moudjahid\/","title":{"rendered":"L\u2019ambassadeur d\u2019Italie rend visite \u00e0 El Moudjahid"},"content":{"rendered":"<p>L\u2019ambassadeur d\u2019Italie \u00e0 Alger, M.\u2008Pasquale Ferrara, a rendu visite hier \u00e0 notre journal o\u00f9 il a \u00e9t\u00e9 re\u00e7u par le pr\u00e9sident-directeur g\u00e9n\u00e9ral, M.\u2008Larbi Timizar.\u00a0 L\u2019entrevue des plus cordiales a permis aux deux parties de s\u2019informer et d\u2019\u00e9changer des points de vue sur plusieurs points de l\u2019actualit\u00e9 nationale \u00e0 la veille du grand rendez-vous \u00e9lectoral que s\u2019appr\u00eate a vivre le\u00a0 pays. L\u2019h\u00f4te du journal s\u2019est \u00e9galement int\u00e9ress\u00e9 au r\u00f4le de la presse dans sa diversit\u00e9\u00a0 et \u00e9voqu\u00e9 les grandes \u00e9tapes de la coop\u00e9ration alg\u00e9ro-italienne marqu\u00e9e par une partenariat tr\u00e8s fructueux et appel\u00e9 \u00e0 se d\u00e9velopper davantage, notamment \u00e0 la faveur des nouveaux textes qui r\u00e9gissent\u00a0 l\u2019investissement \u00e9tranger.<br \/>\u00a0<\/p>\n<p>Auteur: elmoudjahid<br \/>\n<a href=\"http:\/\/www.elmoudjahid.com\/fr\/actualites\/145562\">Cliquez ici pour lire l&rsquo;article depuis sa source.<\/a><\/p>\n","protected":false},"excerpt":{"rendered":"<p>L\u2019ambassadeur d\u2019Italie \u00e0 Alger, M.\u2008Pasquale Ferrara, a rendu visite hier \u00e0 notre journal o\u00f9 il a \u00e9t\u00e9 re\u00e7u par le pr\u00e9sident-directeur g\u00e9n\u00e9ral, M.\u2008Larbi Timizar.\u00a0 L\u2019entrevue des plus cordiales a permis aux deux parties de s\u2019informer et d\u2019\u00e9changer des points de vue sur plusieurs points de l\u2019actualit\u00e9 nationale \u00e0 la veille du grand rendez-vous \u00e9lectoral que [&hellip;]<\/p>\n","protected":false},"author":1744,"featured_media":0,"comment_status":"closed","ping_status":"closed","sticky":false,"template":"","format":"standard","meta":{"fifu_image_url":"","fifu_image_alt":"","footnotes":""},"categories":[73,53],"tags":[],"class_list":["post-69837","post","type-post","status-publish","format-standard","hentry","category-actualite","category-algerie"],"_links":{"self":[{"href":"https:\/\/linitiative.ca\/International\/wp-json\/wp\/v2\/posts\/69837","targetHints":{"allow":["GET"]}}],"collection":[{"href":"https:\/\/linitiative.ca\/International\/wp-json\/wp\/v2\/posts"}],"about":[{"href":"https:\/\/linitiative.ca\/International\/wp-json\/wp\/v2\/types\/post"}],"author":[{"embeddable":true,"href":"https:\/\/linitiative.ca\/International\/wp-json\/wp\/v2\/users\/1744"}],"replies":[{"embeddable":true,"href":"https:\/\/linitiative.ca\/International\/wp-json\/wp\/v2\/comments?post=69837"}],"version-history":[{"count":0,"href":"https:\/\/linitiative.ca\/International\/wp-json\/wp\/v2\/posts\/69837\/revisions"}],"wp:attachment":[{"href":"https:\/\/linitiative.ca\/International\/wp-json\/wp\/v2\/media?parent=69837"}],"wp:term":[{"taxonomy":"category","embeddable":true,"href":"https:\/\/linitiative.ca\/International\/wp-json\/wp\/v2\/categories?post=69837"},{"taxonomy":"post_tag","embeddable":true,"href":"https:\/\/linitiative.ca\/International\/wp-json\/wp\/v2\/tags?post=69837"}],"curies":[{"name":"wp","href":"https:\/\/api.w.org\/{rel}","templated":true}]}}