{"id":69842,"date":"2019-12-10T11:30:58","date_gmt":"2019-12-10T16:30:58","guid":{"rendered":"https:\/\/linitiative.ca\/International\/98775-ballon-d-or-africain-2019-mahrez-pourrait-etre-defavorise-par-son-temps-de-jeu\/"},"modified":"2019-12-10T11:30:58","modified_gmt":"2019-12-10T16:30:58","slug":"98775-ballon-d-or-africain-2019-mahrez-pourrait-etre-defavorise-par-son-temps-de-jeu","status":"publish","type":"post","link":"https:\/\/linitiative.ca\/International\/98775-ballon-d-or-africain-2019-mahrez-pourrait-etre-defavorise-par-son-temps-de-jeu\/","title":{"rendered":"Ballon d&rsquo;Or africain 2019: Mahrez pourrait \u00eatre d\u00e9favoris\u00e9 par son temps de jeu"},"content":{"rendered":"<div readability=\"39\">\n<p><strong>MARSEILLE (France) &#8211; Le s\u00e9lectionneur de l&rsquo;\u00e9quipe nationale de football Djamel Belmadi, a estim\u00e9 mardi que le capitaine des \u00ab\u00a0Verts\u00a0\u00bb Riyad Mahrez, pourrait \u00eatre d\u00e9favoris\u00e9 par son faible temps de jeu avec Manchester City (Premier league anglaise), dans la course au Ballon d&rsquo;or africain, dont le laur\u00e9at sera connu le 7 janvier prochain au cours d&rsquo;une c\u00e9r\u00e9monie pr\u00e9vue \u00e0 Hurghada (Egypte).<\/strong><\/p>\n<\/div>\n<div readability=\"72.7494161607\">\n<p>\u00ab\u00a0L&rsquo;ann\u00e9e d&rsquo;une CAN, il devrait aller \u00e0 un joueur l&rsquo;ayant gagn\u00e9e, comme Riyad Mahrez. Il a marqu\u00e9 la comp\u00e9tition de son empreinte, a \u00e9t\u00e9 d\u00e9cisif, a brill\u00e9 avec Manchester City, m\u00eame s&rsquo;il a moins de temps de jeu que Sadio Man\u00e9, ce qui peut le d\u00e9favoriser. Mais pour moi, la CAN doit lui valoir le Ballon d&rsquo;Or\u00a0\u00bb, a-t-il affirm\u00e9 dans un entretien accord\u00e9 au quotidien fran\u00e7ais La Provence.<\/p>\n<blockquote readability=\"13\">\n<p><em><strong>Outre Mahrez, la Conf\u00e9d\u00e9ration africaine (CAF) a d\u00e9voil\u00e9 mercredi dernier la liste des 10 finalistes au Ballon d&rsquo;or, o\u00f9 figurent \u00e9galement deux autres internationaux alg\u00e9riens, \u00e0 savoir Isma\u00ebl Bennacer (Milan AC\/Italie) et Youcef Bela\u00efli (Ahly Djeddah\/ Arabie saoudite). L&rsquo;attaquant s\u00e9n\u00e9galais de Liverpool Sadio Man\u00e9, vainqueur de la Ligue des champions d&rsquo;Europe, fait office de favori en compagnie de Mahrez.<\/strong><\/em><\/p>\n<\/blockquote>\n<p>Invit\u00e9 par l&rsquo;Olympique de Marseille, o\u00f9 il a exhib\u00e9 le troph\u00e9e de la CAN-2019, Belmadi a donn\u00e9 le coup d&rsquo;envoi du match disput\u00e9 dimanche au stade V\u00e9lodrome face aux Girondins de Bordeaux (3-1), en cl\u00f4ture de la 17e journ\u00e9e du championnat de France de Ligue 1.<\/p>\n<hr\/>\n<h3>Lire aussi:\u00a0<a href=\"http:\/\/www.aps.dz\/sport\/98445-mahrez-1er-joueur-algerien-et-9e-africain-a-marquer-50-buts\" target=\"_blank\" rel=\"noopener noreferrer\">Premier League: Mahrez, 1er joueur alg\u00e9rien et 9e africain \u00e0 marquer 50 buts<\/a><\/h3>\n<hr\/>\n<blockquote readability=\"12\">\n<p><em><strong>\u00ab\u00a0Je remercie les dirigeants d&rsquo;avoir pens\u00e9 \u00e0 moi et c&rsquo;est un honneur, comme de venir pr\u00e9senter le troph\u00e9e de la CAN. Les joueurs africains pr\u00e9sents \u00e0 mes c\u00f4t\u00e9s savent mieux que quiconque combien c&rsquo;est compliqu\u00e9 de gagner une CAN, surtout en Egypte. C&rsquo;est donc avec beaucoup de fiert\u00e9 que je suis venu pr\u00e9senter cette coupe, au nom de tous les Alg\u00e9riens. J&rsquo;\u00e9tais plus l\u00e0 \u00e0 ce titre qu&rsquo;en tant qu&rsquo;ancien joueur de l&rsquo;OM\u00a0\u00bb, a-t-il ajout\u00e9.<\/strong><\/em><\/p>\n<\/blockquote>\n<p>Enfin, Belmadi a qualifi\u00e9 de \u00ab\u00a0superbe\u00a0\u00bb le travail effectu\u00e9 par l&rsquo;entra\u00eeneur portugais Andr\u00e9 Villas-Boas avec l&rsquo;OM, actuel 2e au classement, \u00e0 cinq longueurs du leader le Paris SG, qui compte un match en moins.<\/p>\n<p>\u00ab\u00a0L&rsquo;\u00e9quipe est pass\u00e9e par des situations difficiles. A Marseille, si on ne se bat pas pour le podium, c&rsquo;est une saison rat\u00e9e, surtout s&rsquo;il n&rsquo;y a pas de coupe au bout. Il y a eu une sorte d&rsquo;exasp\u00e9ration de la part des joueurs. Cet entra\u00eeneur a ramen\u00e9 de l&rsquo;enthousiasme, de la fra\u00eecheur\u00a0\u00bb.<\/p>\n<\/div>\n<p>Auteur:<br \/>\n<a href=\"http:\/\/www.aps.dz\/sport\/98775-ballon-d-or-africain-2019-mahrez-pourrait-etre-defavorise-par-son-temps-de-jeu?utm_source=feedburner&#038;utm_medium=feed&#038;utm_campaign=Feed%3A+aps-sport+%28APS+-+SPORT%29\">Cliquez ici pour lire l&rsquo;article depuis sa source.<\/a><\/p>\n","protected":false},"excerpt":{"rendered":"<p>MARSEILLE (France) &#8211; Le s\u00e9lectionneur de l&rsquo;\u00e9quipe nationale de football Djamel Belmadi, a estim\u00e9 mardi que le capitaine des \u00ab\u00a0Verts\u00a0\u00bb Riyad Mahrez, pourrait \u00eatre d\u00e9favoris\u00e9 par son faible temps de jeu avec Manchester City (Premier league anglaise), dans la course au Ballon d&rsquo;or africain, dont le laur\u00e9at sera connu le 7 janvier prochain au cours [&hellip;]<\/p>\n","protected":false},"author":1790,"featured_media":0,"comment_status":"closed","ping_status":"closed","sticky":false,"template":"","format":"standard","meta":{"fifu_image_url":"","fifu_image_alt":"","footnotes":""},"categories":[53,75],"tags":[],"class_list":["post-69842","post","type-post","status-publish","format-standard","hentry","category-algerie","category-sport"],"_links":{"self":[{"href":"https:\/\/linitiative.ca\/International\/wp-json\/wp\/v2\/posts\/69842","targetHints":{"allow":["GET"]}}],"collection":[{"href":"https:\/\/linitiative.ca\/International\/wp-json\/wp\/v2\/posts"}],"about":[{"href":"https:\/\/linitiative.ca\/International\/wp-json\/wp\/v2\/types\/post"}],"author":[{"embeddable":true,"href":"https:\/\/linitiative.ca\/International\/wp-json\/wp\/v2\/users\/1790"}],"replies":[{"embeddable":true,"href":"https:\/\/linitiative.ca\/International\/wp-json\/wp\/v2\/comments?post=69842"}],"version-history":[{"count":0,"href":"https:\/\/linitiative.ca\/International\/wp-json\/wp\/v2\/posts\/69842\/revisions"}],"wp:attachment":[{"href":"https:\/\/linitiative.ca\/International\/wp-json\/wp\/v2\/media?parent=69842"}],"wp:term":[{"taxonomy":"category","embeddable":true,"href":"https:\/\/linitiative.ca\/International\/wp-json\/wp\/v2\/categories?post=69842"},{"taxonomy":"post_tag","embeddable":true,"href":"https:\/\/linitiative.ca\/International\/wp-json\/wp\/v2\/tags?post=69842"}],"curies":[{"name":"wp","href":"https:\/\/api.w.org\/{rel}","templated":true}]}}