{"id":69843,"date":"2019-12-10T11:35:00","date_gmt":"2019-12-10T16:35:00","guid":{"rendered":"https:\/\/linitiative.ca\/International\/tentative-demigration-clandestine-a-tlemcen-un-noye-3-rescapes-et-6-portes-disparus-a-ghazaouet\/"},"modified":"2019-12-10T11:35:00","modified_gmt":"2019-12-10T16:35:00","slug":"tentative-demigration-clandestine-a-tlemcen-un-noye-3-rescapes-et-6-portes-disparus-a-ghazaouet","status":"publish","type":"post","link":"https:\/\/linitiative.ca\/International\/tentative-demigration-clandestine-a-tlemcen-un-noye-3-rescapes-et-6-portes-disparus-a-ghazaouet\/","title":{"rendered":"TENTATIVE D\u2019EMIGRATION CLANDESTINE A TLEMCEN : Un noy\u00e9, 3 rescap\u00e9s et 6 port\u00e9s disparus \u00e0 Ghazaouet"},"content":{"rendered":"<p><br id=\"sep_para_1\" class=\"sep_para access\"\/><\/p>\n<div id=\"para_1\" class=\"para_34449548 resize\">\n<div class=\"texte access firstletter\">Selon une source cr\u00e9dible, une nouvelle tentative d\u2019\u00e9migration clandestine a tourn\u00e9 au drame hier matin au large de la ville de Ghazaouet , apr\u00e8s que l\u2019embarcation qui transportait 10 harraga voulant rejoindre la cote ib\u00e9rique a chavir\u00e9\u00a0 \u00e0 quelques miles marins de la c\u00f4te de Ghazaouet pour des causes qui restent\u00a0 inconnues .Les \u00e9l\u00e9ments de la protection civile avis\u00e9s par les gardes \u2013c\u00f4tes du port de Ghazaouet , ont r\u00e9ussi \u00e0 rep\u00eacher un noy\u00e9 et secourir trois autres jeunes, lesquels ont \u00e9t\u00e9\u00a0 \u00e9vacu\u00e9s vers l\u2019h\u00f4pital de Ghazaouet, quant aux autres, dont leurs nombre serait de six, les recherches entam\u00e9es par les plongeurs de la protection civile se poursuivent . A noter que tous les candidats \u00e0 l\u2019\u00e9migration clandestine r\u00e9sident dans la ville de Maghnia.\u00a0\u00a0\u00a0\u00a0\u00a0\u00a0\u00a0\u00a0\u00a0\u00a0\u00a0\u00a0\u00a0\u00a0\u00a0\u00a0\u00a0\u00a0\u00a0\u00a0\u00a0\u00a0\u00a0\u00a0\u00a0\u00a0\u00a0\u00a0\u00a0\u00a0\u00a0\u00a0\u00a0\u00a0\u00a0\u00a0<\/div>\n<\/div>\n<p>Auteur: H. Bouna<br \/>\n<a href=\"https:\/\/www.reflexiondz.net\/TENTATIVE-D-EMIGRATION-CLANDESTINE-A-TLEMCEN-Un-noye-3-rescapes-et-6-portes-disparus-a-Ghazaouet_a59314.html\">Cliquez ici pour lire l&rsquo;article depuis sa source.<\/a><\/p>\n","protected":false},"excerpt":{"rendered":"<p>Selon une source cr\u00e9dible, une nouvelle tentative d\u2019\u00e9migration clandestine a tourn\u00e9 au drame hier matin au large de la ville de Ghazaouet , apr\u00e8s que l\u2019embarcation qui transportait 10 harraga voulant rejoindre la cote ib\u00e9rique a chavir\u00e9\u00a0 \u00e0 quelques miles marins de la c\u00f4te de Ghazaouet pour des causes qui restent\u00a0 inconnues .Les \u00e9l\u00e9ments de [&hellip;]<\/p>\n","protected":false},"author":1740,"featured_media":0,"comment_status":"closed","ping_status":"closed","sticky":false,"template":"","format":"standard","meta":{"fifu_image_url":"","fifu_image_alt":"","footnotes":""},"categories":[53,76],"tags":[],"class_list":["post-69843","post","type-post","status-publish","format-standard","hentry","category-algerie","category-regions"],"_links":{"self":[{"href":"https:\/\/linitiative.ca\/International\/wp-json\/wp\/v2\/posts\/69843","targetHints":{"allow":["GET"]}}],"collection":[{"href":"https:\/\/linitiative.ca\/International\/wp-json\/wp\/v2\/posts"}],"about":[{"href":"https:\/\/linitiative.ca\/International\/wp-json\/wp\/v2\/types\/post"}],"author":[{"embeddable":true,"href":"https:\/\/linitiative.ca\/International\/wp-json\/wp\/v2\/users\/1740"}],"replies":[{"embeddable":true,"href":"https:\/\/linitiative.ca\/International\/wp-json\/wp\/v2\/comments?post=69843"}],"version-history":[{"count":0,"href":"https:\/\/linitiative.ca\/International\/wp-json\/wp\/v2\/posts\/69843\/revisions"}],"wp:attachment":[{"href":"https:\/\/linitiative.ca\/International\/wp-json\/wp\/v2\/media?parent=69843"}],"wp:term":[{"taxonomy":"category","embeddable":true,"href":"https:\/\/linitiative.ca\/International\/wp-json\/wp\/v2\/categories?post=69843"},{"taxonomy":"post_tag","embeddable":true,"href":"https:\/\/linitiative.ca\/International\/wp-json\/wp\/v2\/tags?post=69843"}],"curies":[{"name":"wp","href":"https:\/\/api.w.org\/{rel}","templated":true}]}}