{"id":69845,"date":"2019-12-10T11:35:00","date_gmt":"2019-12-10T16:35:00","guid":{"rendered":"https:\/\/linitiative.ca\/International\/bir-el-djir-oran-lex-directeur-de-lagence-fonciere-condamne-a-3-ans-de-prison\/"},"modified":"2019-12-10T11:35:00","modified_gmt":"2019-12-10T16:35:00","slug":"bir-el-djir-oran-lex-directeur-de-lagence-fonciere-condamne-a-3-ans-de-prison","status":"publish","type":"post","link":"https:\/\/linitiative.ca\/International\/bir-el-djir-oran-lex-directeur-de-lagence-fonciere-condamne-a-3-ans-de-prison\/","title":{"rendered":"BIR EL-DJIR  (ORAN) : L&rsquo;ex-directeur de l&rsquo;agence fonci\u00e8re condamn\u00e9 \u00e0 3 ans de prison"},"content":{"rendered":"<p><br id=\"sep_para_1\" class=\"sep_para access\"\/><\/p>\n<div id=\"para_1\" class=\"para_34449621 resize\">\n<div class=\"texte access firstletter\">L&rsquo;ex-directeur de l&rsquo;agence fonci\u00e8re de la commune de Bir El-Djir (B.B) a \u00e9t\u00e9 condamn\u00e9, mardi, \u00e0 une peine de trois ans de prison ferme par le tribunal correctionnel de cit\u00e9 Djamel (Oran). Le procureur de la R\u00e9publique avait requis, le 26 novembre dernier, une peine de 7 ans de prison ferme \u00e0 son encontre. Le mis en cause est poursuivi pour faux et usage de faux, escroquerie et utilisation abusive de sa fonction. Le procureur de la R\u00e9publique avait \u00e9galement requis une amende de 500.000 DA \u00e0 l&rsquo;encontre du mis en cause. Cette affaire revient apr\u00e8s que l\u2019accus\u00e9 ait introduit une opposition, suite \u00e0 un premier verdict de 5 ans de prison ferme prononc\u00e9 \u00e0 son encontre par le m\u00eame tribunal en janvier 2017. Selon les faits relat\u00e9s durant l&rsquo;audience, l&rsquo;affaire remonte \u00e0 2010, lorsque le propri\u00e9taire d&rsquo;un terrain, sis \u00e0 Bir El-Djir, sur lequel il avait \u00e9difi\u00e9 une usine, a \u00e9t\u00e9 notifi\u00e9 d&rsquo;un avis d&rsquo;expulsion. Le m\u00eame jour, les services de l&rsquo;APC de Bir El-Djir, accompagn\u00e9s d&rsquo;\u00e9l\u00e9ments de la gendarmerie nationale, se sont rendus sur les lieux pour ex\u00e9cuter la d\u00e9cision d&rsquo;expulsion. Le propri\u00e9taire de l&rsquo;usine a pr\u00e9sent\u00e9 aux responsables de l&rsquo;APC et aux forces de l&rsquo;ordre tous les documents attestant l&rsquo;achat du terrain en question en 2004, qui s&rsquo;\u00e9tale sur 2.000 m2. Sur ces faits, les \u00e9l\u00e9ments de la gendarmerie nationale ont lanc\u00e9 une enqu\u00eate et une plainte a \u00e9t\u00e9 d\u00e9pos\u00e9e pour la r\u00e9cup\u00e9ration du terrain, qui s&rsquo;est av\u00e9r\u00e9 \u00eatre la propri\u00e9t\u00e9 de la commune de Bir El-Djir.<\/div>\n<\/div>\n<p>Auteur: Ismain<br \/>\n<a href=\"https:\/\/www.reflexiondz.net\/BIR-EL-DJIR-ORAN-L-ex-directeur-de-l-agence-fonciere-condamne-a-3-ans-de-prison_a59330.html\">Cliquez ici pour lire l&rsquo;article depuis sa source.<\/a><\/p>\n","protected":false},"excerpt":{"rendered":"<p>L&rsquo;ex-directeur de l&rsquo;agence fonci\u00e8re de la commune de Bir El-Djir (B.B) a \u00e9t\u00e9 condamn\u00e9, mardi, \u00e0 une peine de trois ans de prison ferme par le tribunal correctionnel de cit\u00e9 Djamel (Oran). Le procureur de la R\u00e9publique avait requis, le 26 novembre dernier, une peine de 7 ans de prison ferme \u00e0 son encontre. Le [&hellip;]<\/p>\n","protected":false},"author":1740,"featured_media":0,"comment_status":"closed","ping_status":"closed","sticky":false,"template":"","format":"standard","meta":{"fifu_image_url":"","fifu_image_alt":"","footnotes":""},"categories":[53,76],"tags":[],"class_list":["post-69845","post","type-post","status-publish","format-standard","hentry","category-algerie","category-regions"],"_links":{"self":[{"href":"https:\/\/linitiative.ca\/International\/wp-json\/wp\/v2\/posts\/69845","targetHints":{"allow":["GET"]}}],"collection":[{"href":"https:\/\/linitiative.ca\/International\/wp-json\/wp\/v2\/posts"}],"about":[{"href":"https:\/\/linitiative.ca\/International\/wp-json\/wp\/v2\/types\/post"}],"author":[{"embeddable":true,"href":"https:\/\/linitiative.ca\/International\/wp-json\/wp\/v2\/users\/1740"}],"replies":[{"embeddable":true,"href":"https:\/\/linitiative.ca\/International\/wp-json\/wp\/v2\/comments?post=69845"}],"version-history":[{"count":0,"href":"https:\/\/linitiative.ca\/International\/wp-json\/wp\/v2\/posts\/69845\/revisions"}],"wp:attachment":[{"href":"https:\/\/linitiative.ca\/International\/wp-json\/wp\/v2\/media?parent=69845"}],"wp:term":[{"taxonomy":"category","embeddable":true,"href":"https:\/\/linitiative.ca\/International\/wp-json\/wp\/v2\/categories?post=69845"},{"taxonomy":"post_tag","embeddable":true,"href":"https:\/\/linitiative.ca\/International\/wp-json\/wp\/v2\/tags?post=69845"}],"curies":[{"name":"wp","href":"https:\/\/api.w.org\/{rel}","templated":true}]}}