{"id":69846,"date":"2019-12-10T11:41:00","date_gmt":"2019-12-10T16:41:00","guid":{"rendered":"https:\/\/linitiative.ca\/International\/greve-des-controleurs-aeriens-francais-air-algerie-annonce-des-perturbations\/"},"modified":"2019-12-10T11:41:00","modified_gmt":"2019-12-10T16:41:00","slug":"greve-des-controleurs-aeriens-francais-air-algerie-annonce-des-perturbations","status":"publish","type":"post","link":"https:\/\/linitiative.ca\/International\/greve-des-controleurs-aeriens-francais-air-algerie-annonce-des-perturbations\/","title":{"rendered":"GREVE DES CONTROLEURS AERIENS FRAN\u00c7AIS : Air Alg\u00e9rie annonce  des perturbations"},"content":{"rendered":"<p><br id=\"sep_para_1\" class=\"sep_para access\"\/><\/p>\n<div id=\"para_1\" class=\"para_34449617 resize\">\n<div class=\"texte access firstletter\">Le trafic a\u00e9rien en provenance et \u00e0 destination de la France a \u00e9t\u00e9\u00a0 perturb\u00e9 ce mardi 10 d\u00e9cembre en raison de la gr\u00e8ve des contr\u00f4leurs a\u00e9riens fran\u00e7ais, a indiqu\u00e9 un communiqu\u00e9 de la compagnie a\u00e9rienne nationale \u201cAir Alg\u00e9rie\u201d. A cet effet, la Direction g\u00e9n\u00e9rale de l\u2019aviation civile fran\u00e7aise (DGAC) a demand\u00e9, de nouveau, aux compagnies a\u00e9riennes d\u2019annuler 20% du programme des vols pour la journ\u00e9e de mardi 10 d\u00e9cembre au niveau des principaux a\u00e9roports de la France. \u201cEn raison de cette gr\u00e8ve, Air Alg\u00e9rie a inform\u00e9\u00a0 ses passagers que le trafic a\u00e9rien en provenance et \u00e0 destination de la France sera touch\u00e9. En cons\u00e9quence des perturbations ont affect\u00e9 mardi les vols survolant le territoire fran\u00e7ais\u201d, ajoute la m\u00eame source. Afin de rem\u00e9dier \u00e0 cette situation, la cellule de suivi install\u00e9e r\u00e9cemment au niveau de la compagnie a \u00e9t\u00e9 r\u00e9activ\u00e9e, indique le communiqu\u00e9. A rappeler que le trafic a\u00e9rien de et vers la France a \u00e9t\u00e9 perturb\u00e9 jeudi et vendredi 5 et 6 d\u00e9cembre en raison d\u2019un mouvement social en France, contestant le nouveau syst\u00e8me des retraites.<\/div>\n<\/div>\n<p>Auteur: Nadine<br \/>\n<a href=\"https:\/\/www.reflexiondz.net\/GREVE-DES-CONTROLEURS-AERIENS-FRANCAIS-Air-Algerie-annonce-des-perturbations_a59329.html\">Cliquez ici pour lire l&rsquo;article depuis sa source.<\/a><\/p>\n","protected":false},"excerpt":{"rendered":"<p>Le trafic a\u00e9rien en provenance et \u00e0 destination de la France a \u00e9t\u00e9\u00a0 perturb\u00e9 ce mardi 10 d\u00e9cembre en raison de la gr\u00e8ve des contr\u00f4leurs a\u00e9riens fran\u00e7ais, a indiqu\u00e9 un communiqu\u00e9 de la compagnie a\u00e9rienne nationale \u201cAir Alg\u00e9rie\u201d. A cet effet, la Direction g\u00e9n\u00e9rale de l\u2019aviation civile fran\u00e7aise (DGAC) a demand\u00e9, de nouveau, aux compagnies [&hellip;]<\/p>\n","protected":false},"author":1740,"featured_media":0,"comment_status":"closed","ping_status":"closed","sticky":false,"template":"","format":"standard","meta":{"fifu_image_url":"","fifu_image_alt":"","footnotes":""},"categories":[53,76],"tags":[],"class_list":["post-69846","post","type-post","status-publish","format-standard","hentry","category-algerie","category-regions"],"_links":{"self":[{"href":"https:\/\/linitiative.ca\/International\/wp-json\/wp\/v2\/posts\/69846","targetHints":{"allow":["GET"]}}],"collection":[{"href":"https:\/\/linitiative.ca\/International\/wp-json\/wp\/v2\/posts"}],"about":[{"href":"https:\/\/linitiative.ca\/International\/wp-json\/wp\/v2\/types\/post"}],"author":[{"embeddable":true,"href":"https:\/\/linitiative.ca\/International\/wp-json\/wp\/v2\/users\/1740"}],"replies":[{"embeddable":true,"href":"https:\/\/linitiative.ca\/International\/wp-json\/wp\/v2\/comments?post=69846"}],"version-history":[{"count":0,"href":"https:\/\/linitiative.ca\/International\/wp-json\/wp\/v2\/posts\/69846\/revisions"}],"wp:attachment":[{"href":"https:\/\/linitiative.ca\/International\/wp-json\/wp\/v2\/media?parent=69846"}],"wp:term":[{"taxonomy":"category","embeddable":true,"href":"https:\/\/linitiative.ca\/International\/wp-json\/wp\/v2\/categories?post=69846"},{"taxonomy":"post_tag","embeddable":true,"href":"https:\/\/linitiative.ca\/International\/wp-json\/wp\/v2\/tags?post=69846"}],"curies":[{"name":"wp","href":"https:\/\/api.w.org\/{rel}","templated":true}]}}