{"id":69854,"date":"2019-12-10T11:36:00","date_gmt":"2019-12-10T16:36:00","guid":{"rendered":"https:\/\/linitiative.ca\/International\/qui-est-maher-ben-rayana-nouveau-conseiller-social-de-kais-saied-a-carthage\/"},"modified":"2019-12-10T11:36:00","modified_gmt":"2019-12-10T16:36:00","slug":"qui-est-maher-ben-rayana-nouveau-conseiller-social-de-kais-saied-a-carthage","status":"publish","type":"post","link":"https:\/\/linitiative.ca\/International\/qui-est-maher-ben-rayana-nouveau-conseiller-social-de-kais-saied-a-carthage\/","title":{"rendered":"Qui est Maher Ben Rayana, nouveau conseiller social de Kais Saied \u00e0 Carthage"},"content":{"rendered":"<p>Le poste \u00e9tait jusque-l\u00e0 vacant. Le pr\u00e9sident de la R\u00e9publique vient de nommer Maher Ben Rayana en qualit\u00e9 de conseiller principal charg\u00e9 des affaires sociales. Juriste de formation (Facult\u00e9 de Droit de Tunis), natif du 7 novembre 1972, il a effectu\u00e9 l&rsquo;essentiel de sa carri\u00e8re dans des postes de responsabilit\u00e9 \u00e0 la CNAM depuis la cr\u00e9ation de la Caisse.<\/p>\n<p>Maher Ben Rayana avait fait partie l&rsquo;\u00e9quipe de campagne \u00e9lectorale du pr\u00e9sident de la R\u00e9publique lors des derni\u00e8res \u00e9lections.<br \/>\u00a0<\/p>\n<p>Auteur:<br \/>\n<a href=\"https:\/\/www.leaders.com.tn\/article\/28597-qui-est-maher-ben-rayana-nouveau-conseiller-social-de-kais-saied-a-carthage\">Cliquez ici pour lire l&rsquo;article depuis sa source.<\/a><\/p>\n","protected":false},"excerpt":{"rendered":"<p>Le poste \u00e9tait jusque-l\u00e0 vacant. Le pr\u00e9sident de la R\u00e9publique vient de nommer Maher Ben Rayana en qualit\u00e9 de conseiller principal charg\u00e9 des affaires sociales. Juriste de formation (Facult\u00e9 de Droit de Tunis), natif du 7 novembre 1972, il a effectu\u00e9 l&rsquo;essentiel de sa carri\u00e8re dans des postes de responsabilit\u00e9 \u00e0 la CNAM depuis la [&hellip;]<\/p>\n","protected":false},"author":1772,"featured_media":0,"comment_status":"closed","ping_status":"closed","sticky":false,"template":"","format":"standard","meta":{"fifu_image_url":"","fifu_image_alt":"","footnotes":""},"categories":[73,55],"tags":[],"class_list":["post-69854","post","type-post","status-publish","format-standard","hentry","category-actualite","category-tunisie"],"_links":{"self":[{"href":"https:\/\/linitiative.ca\/International\/wp-json\/wp\/v2\/posts\/69854","targetHints":{"allow":["GET"]}}],"collection":[{"href":"https:\/\/linitiative.ca\/International\/wp-json\/wp\/v2\/posts"}],"about":[{"href":"https:\/\/linitiative.ca\/International\/wp-json\/wp\/v2\/types\/post"}],"author":[{"embeddable":true,"href":"https:\/\/linitiative.ca\/International\/wp-json\/wp\/v2\/users\/1772"}],"replies":[{"embeddable":true,"href":"https:\/\/linitiative.ca\/International\/wp-json\/wp\/v2\/comments?post=69854"}],"version-history":[{"count":0,"href":"https:\/\/linitiative.ca\/International\/wp-json\/wp\/v2\/posts\/69854\/revisions"}],"wp:attachment":[{"href":"https:\/\/linitiative.ca\/International\/wp-json\/wp\/v2\/media?parent=69854"}],"wp:term":[{"taxonomy":"category","embeddable":true,"href":"https:\/\/linitiative.ca\/International\/wp-json\/wp\/v2\/categories?post=69854"},{"taxonomy":"post_tag","embeddable":true,"href":"https:\/\/linitiative.ca\/International\/wp-json\/wp\/v2\/tags?post=69854"}],"curies":[{"name":"wp","href":"https:\/\/api.w.org\/{rel}","templated":true}]}}