{"id":69855,"date":"2019-12-10T11:49:00","date_gmt":"2019-12-10T16:49:00","guid":{"rendered":"https:\/\/linitiative.ca\/International\/rzig-oueslati\/"},"modified":"2019-12-10T11:49:00","modified_gmt":"2019-12-10T16:49:00","slug":"rzig-oueslati","status":"publish","type":"post","link":"https:\/\/linitiative.ca\/International\/rzig-oueslati\/","title":{"rendered":"Rzig Oueslati"},"content":{"rendered":"<p><strong>Directeur G\u00e9n\u00e9ral de l\u2019Office National du Thermalisme et de l\u2019Hydroth\u00e9rapie<\/strong><\/p>\n<h2>Profil<\/h2>\n<p><span class=\"c2\"><strong>\u2022<\/strong><\/span> <strong>Pr\u00e9nom:<\/strong> Rzig<\/p>\n<p><strong><span class=\"c2\"><strong>\u2022<\/strong><\/span> Nom:<\/strong> Oueslati<\/p>\n<p><strong><span class=\"c2\"><strong>\u2022<\/strong><\/span> Date de naissance:\u00a0<\/strong> 12 Mars 1960 \u00e0 Tunis<\/p>\n<p><strong><span class=\"c2\"><strong>\u2022<\/strong><\/span> Situation familiale:<\/strong> Mari\u00e9<\/p>\n<p><strong><span class=\"c2\"><strong>\u2022<\/strong><\/span> Nombre d\u2019enfants:<\/strong> 1 fille<\/p>\n<p><strong><span class=\"c2\"><strong>\u2022<\/strong><\/span> Profession du conjoint:<\/strong> M\u00e9decin<\/p>\n<p><strong><span class=\"c2\"><strong>\u2022<\/strong><\/span> Fonction Actuelle:<\/strong> Directeur G\u00e9n\u00e9ral de l\u2019office National du Thermalisme te de l\u2019Hydroth\u00e9rapie depuis 2015.<\/p>\n<p><strong><span class=\"c2\"><strong>\u2022<\/strong><\/span> Fonction Internationale:<\/strong> Vice-Pr\u00e9sident de la F\u00e9d\u00e9ration Mondiale du Thermalisme et du Climatisme (Partenaire de l\u2019OMS) depuis 2014.<\/p>\n<p><span class=\"c2\"><strong>\u2022<\/strong><\/span> Expert en hydroth\u00e9rapie aupr\u00e8s de la R\u00e9publique de Chine 2016.<\/p>\n<h2>Niveau d\u2019Instruction<\/h2>\n<p><span class=\"c2\"><strong>\u2022<\/strong><\/span> Licence en Droit Public (Facult\u00e9 de Droit et des Sciences Politiques de Tunis 1980-1984).<\/p>\n<p><span class=\"c2\"><strong>\u2022<\/strong><\/span> Licence en Gestion Hospitali\u00e8re Cycle Moyen de l\u2019ENA 1980-1984.<\/p>\n<p><span class=\"c2\"><strong>\u2022<\/strong><\/span> Troisi\u00e8me Cyle Sup\u00e9rieur en Administration G\u00e9n\u00e9rale \u00e0 l\u2019ENA\u00a0 1986-1988.<\/p>\n<p><span class=\"c2\"><strong>\u2022<\/strong><\/span> Dipl\u00f4me en Management Public de l\u2019Institut International de l\u2019Administration Publique de Paris 1988-1989.<\/p>\n<h2>Les Fonctions Occup\u00e9es<\/h2>\n<p><span class=\"c2\"><strong>\u2022<\/strong><\/span> <strong>1984:<\/strong> Chef de Bureau des Entr\u00e9es \u00e0 l\u2019H\u00f4pitalRazi.<\/p>\n<p><span class=\"c2\"><strong>\u2022<\/strong><\/span> <strong>1986:<\/strong> Directeur de l\u2019h\u00f4pital de Korba.<\/p>\n<p><span class=\"c2\"><strong>\u2022<\/strong><\/span> <strong>1986-1989:<\/strong> D\u00e9tach\u00e9 aupr\u00e9s du Premier Minist\u00e8re ENA (Cycle Sup\u00e9rieur de l\u2019ENA).<\/p>\n<p><span class=\"c2\"><strong>\u2022<\/strong><\/span> <strong>1989-1990:<\/strong>\u00a0 Conseiller des Services PublicsCharg\u00e9 de la Conservation de la propri\u00e9t\u00e9 Fonci\u00e8re au Minist\u00e8re de la Justice.<\/p>\n<p><span class=\"c2\"><strong>\u2022<\/strong><\/span> <strong>1991-1992:<\/strong> DirecteurAdministratif et Financier \u00e0 l\u2019Institut de Pasteur de Tunis.<\/p>\n<p><span class=\"c2\"><strong>\u2022<\/strong><\/span> <strong>1992-1993:<\/strong> DirecteurG\u00e9n\u00e9ral de l\u2019EPS la Rabta.<\/p>\n<p><span class=\"c2\"><strong>\u2022<\/strong><\/span> <strong>1993-1997:<\/strong> DirecteurG\u00e9n\u00e9ral de Centre de Maternit\u00e9 et de N\u00e9onatologie de Tunis Wassila Bourguiba.<\/p>\n<p><span class=\"c2\"><strong>\u2022<\/strong><\/span> <strong>1997-1999:<\/strong> DirecteurG\u00e9n\u00e9ral de l\u2019InstitutNational de Neurologie.<\/p>\n<p><span class=\"c2\"><strong>\u2022<\/strong><\/span> <strong>1999-2001:<\/strong> Chef de Projet de la Construction de l\u2019H\u00f4pital Med Tahar Maamouri Nabeul.<\/p>\n<p><span class=\"c2\"><strong>\u2022<\/strong><\/span> <strong>2001-2002:<\/strong> DirecteurG\u00e9n\u00e9ral du Centre de M\u00e9decineScolaire et Universitaire de Tunis.<\/p>\n<p><span class=\"c2\"><strong>\u2022<\/strong><\/span> <strong>2002-2004:<\/strong> DirecteurG\u00e9n\u00e9ral du ComplexeThermal de JbelOuest.<\/p>\n<p><span class=\"c2\"><strong>\u2022<\/strong><\/span> <strong>2004-2006:<\/strong> DirecteurG\u00e9n\u00e9ral de l\u2019H\u00f4pitalMahmoudMatri.<\/p>\n<p><span class=\"c2\"><strong>\u2022<\/strong><\/span> <strong>2007-2009:<\/strong> Conseilleraupr\u00e9s du Ministre de la sant\u00e9 (Cabinet) et Directeur des MoyensG\u00e9n\u00e9raux de l\u2019Hopital Charles Nicole.<\/p>\n<p><span class=\"c2\"><strong>\u2022<\/strong><\/span> <strong>Depuis 2009:<\/strong> DirecteurG\u00e9n\u00e9ralAdjoint de l\u2019OfficeNational du thermalisme et de l\u2019Hydroth\u00e9rapie.<\/p>\n<p><span class=\"c2\"><strong>\u2022<\/strong><\/span> <strong>DepuisJuillet 2015:<\/strong> DirecteurG\u00e9n\u00e9ral de l\u2019Office National du thermalisme et de l\u2019Hydroth\u00e9rapie.<br \/>\u00a0<\/p>\n<p>Auteur:<br \/>\n<a href=\"https:\/\/www.leaders.com.tn\/article\/28598-rzig-oueslati\">Cliquez ici pour lire l&rsquo;article depuis sa source.<\/a><\/p>\n","protected":false},"excerpt":{"rendered":"<p>Directeur G\u00e9n\u00e9ral de l\u2019Office National du Thermalisme et de l\u2019Hydroth\u00e9rapie Profil \u2022 Pr\u00e9nom: Rzig \u2022 Nom: Oueslati \u2022 Date de naissance:\u00a0 12 Mars 1960 \u00e0 Tunis \u2022 Situation familiale: Mari\u00e9 \u2022 Nombre d\u2019enfants: 1 fille \u2022 Profession du conjoint: M\u00e9decin \u2022 Fonction Actuelle: Directeur G\u00e9n\u00e9ral de l\u2019office National du Thermalisme te de l\u2019Hydroth\u00e9rapie depuis 2015. [&hellip;]<\/p>\n","protected":false},"author":1772,"featured_media":0,"comment_status":"closed","ping_status":"closed","sticky":false,"template":"","format":"standard","meta":{"fifu_image_url":"","fifu_image_alt":"","footnotes":""},"categories":[73,55],"tags":[],"class_list":["post-69855","post","type-post","status-publish","format-standard","hentry","category-actualite","category-tunisie"],"_links":{"self":[{"href":"https:\/\/linitiative.ca\/International\/wp-json\/wp\/v2\/posts\/69855","targetHints":{"allow":["GET"]}}],"collection":[{"href":"https:\/\/linitiative.ca\/International\/wp-json\/wp\/v2\/posts"}],"about":[{"href":"https:\/\/linitiative.ca\/International\/wp-json\/wp\/v2\/types\/post"}],"author":[{"embeddable":true,"href":"https:\/\/linitiative.ca\/International\/wp-json\/wp\/v2\/users\/1772"}],"replies":[{"embeddable":true,"href":"https:\/\/linitiative.ca\/International\/wp-json\/wp\/v2\/comments?post=69855"}],"version-history":[{"count":0,"href":"https:\/\/linitiative.ca\/International\/wp-json\/wp\/v2\/posts\/69855\/revisions"}],"wp:attachment":[{"href":"https:\/\/linitiative.ca\/International\/wp-json\/wp\/v2\/media?parent=69855"}],"wp:term":[{"taxonomy":"category","embeddable":true,"href":"https:\/\/linitiative.ca\/International\/wp-json\/wp\/v2\/categories?post=69855"},{"taxonomy":"post_tag","embeddable":true,"href":"https:\/\/linitiative.ca\/International\/wp-json\/wp\/v2\/tags?post=69855"}],"curies":[{"name":"wp","href":"https:\/\/api.w.org\/{rel}","templated":true}]}}