{"id":69858,"date":"2019-12-10T05:00:00","date_gmt":"2019-12-10T10:00:00","guid":{"rendered":"https:\/\/linitiative.ca\/International\/11-decembre-1960-belcourt-allume-le-feu-de-la-liberte\/"},"modified":"2019-12-10T05:00:00","modified_gmt":"2019-12-10T10:00:00","slug":"11-decembre-1960-belcourt-allume-le-feu-de-la-liberte","status":"publish","type":"post","link":"https:\/\/linitiative.ca\/International\/11-decembre-1960-belcourt-allume-le-feu-de-la-liberte\/","title":{"rendered":"11 D\u00e9cembre 1960, Belcourt, allume le feu de la libert\u00e9"},"content":{"rendered":"<p>La part d&rsquo;utopie et de r\u00eave du colonisateur fran\u00e7ais s&rsquo;est \u00e9vanouie avec le d\u00e9clenchement des manifestations du 11 D\u00e9cembre 1960. Le peuple entre avec panache et fracas. Il s&#8217;emparera des rues du Grand-Alger pour revendiquer son ind\u00e9pendance totale. Le gouvernement fran\u00e7ais d&rsquo;Alg\u00e9rie, pris de court, traite cette manifestation avec d\u00e9dain quand il pense que ce n&rsquo;est qu&rsquo;un \u00e9lan fougueux, facile \u00e0 briser alors qu&rsquo;il va s&rsquo;\u00e9tendre \u00e0 l&rsquo;ensemble du pays.<br \/>Ce mouvement n\u00e9 des clivages sociaux et de disparit\u00e9 d&rsquo;opinions suscita notre ras-le-bol nous les indig\u00e8nes, cette appellation, que le colonisateur a donn\u00e9 une connotation p\u00e9jorative.<br \/>Cette manifestation pour l&rsquo;ind\u00e9pendance constitue cette d\u00e9termination qui l&#8217;emporte sur le vague \u00e0 l&rsquo;\u00e2me sans concession.<br \/>Les Alg\u00e9riens de souche d\u00e9couvrent qu&rsquo;ils vivent un moment exceptionnel. Ils se sont fix\u00e9 le but d&rsquo;aller jusqu&rsquo;au bout de leur ferme d\u00e9termination pour l&rsquo;ind\u00e9pendance totale sans contrepartie. Bravant les territoriaux, b\u00e9rets rouges et verts dont on connaissait les crises clastiques, ne sont pas all\u00e9s de main morte pour tirer sans sommation sur femmes et enfants, infligeant, par l\u00e0, des traumatismes psychiques aux familles. Dans le livre du regrett\u00e9 Frantz Fanon, L&rsquo;an V de la r\u00e9volution alg\u00e9rienne, Christina Lilliestierna, journaliste su\u00e9doise, s&rsquo;est entretenue dans un camp avec quelques-uns des Alg\u00e9riens r\u00e9fugi\u00e9s, dont voici un extrait \u00e0 donner un frisson d&rsquo;horreur : \u00abLe suivant de la cha\u00eene est un gar\u00e7on de sept ans marqu\u00e9 de profondes blessures faites par un fil d&rsquo;acier avec lequel il fut attach\u00e9 pendant que des soldats fran\u00e7ais maltraitaient et tuaient ses parents et ses s\u0153urs. Un lieutenant avait tenu de force ses yeux ouverts, afin qu&rsquo;il vit et se souv\u00eent de cela longtemps&#8230; Cet enfant fut port\u00e9 par son grand-p\u00e8re pendant cinq jours et cinq nuits avant d&rsquo;atteindre le camp. L&rsquo;enfant dit : \u00abJe ne d\u00e9sire qu&rsquo;une chose : pouvoir d\u00e9couper un soldat fran\u00e7ais en petits morceaux, tout petits morceaux.\u00bb<br \/>Le peuple souill\u00e9 par les exactions sur la personne se reconstruit au fil de la lutte livr\u00e9e par l&rsquo;ALN dans les djebels et le fida\u00efsme (un n\u00e9ologisme) de la lutte arm\u00e9e dans les villes de l&rsquo;ensemble du territoire. Le militantisme soud\u00e9 et homog\u00e8ne s&rsquo;\u00e9tendra jusqu&rsquo;aux confins du pays.<br \/>Cette date historique du 11 D\u00e9cembre 1960 est, sans conteste, un acte de volontarisme politique destin\u00e9 \u00e0 recouvrer notre ind\u00e9pendance sans ob\u00e9dience \u00e0 un quelconque pays \u00e9tranger. Fils de chahid, tomb\u00e9 au champ d&rsquo;honneur en 1957, moi son fils, l&rsquo;a\u00een\u00e9e de la fratrie ainsi que ma d\u00e9funte m\u00e8re et fr\u00e8re, nous ne savons m\u00eame pas o\u00f9 il fut enterr\u00e9 par ses pairs.<br \/>Sans \u00eatre enclin \u00e0 jouer le h\u00e9ros, alors \u00e2g\u00e9 de 13 ans, je n\u2019y suis pas all\u00e9 par quatre chemins, pour crier mon d\u00e9sarroi \u00e0 la face de l&rsquo;occupant : \u00abTahia El Djaza\u00efr ! Cet acte d&rsquo;audace m&rsquo;a valu deux jours d&#8217;emprisonnement dans un cachot de la caserne de Sakina, Belcourt.<br \/>Soudani Achour<\/p>\n<p>Auteur:<br \/>\n<a href=\"https:\/\/www.lesoirdalgerie.com\/contribution\/11-decembre-1960-belcourt-allume-le-feu-de-la-liberte-35013\">Cliquez ici pour lire l&rsquo;article depuis sa source.<\/a><\/p>\n","protected":false},"excerpt":{"rendered":"<p>La part d&rsquo;utopie et de r\u00eave du colonisateur fran\u00e7ais s&rsquo;est \u00e9vanouie avec le d\u00e9clenchement des manifestations du 11 D\u00e9cembre 1960. Le peuple entre avec panache et fracas. Il s&#8217;emparera des rues du Grand-Alger pour revendiquer son ind\u00e9pendance totale. Le gouvernement fran\u00e7ais d&rsquo;Alg\u00e9rie, pris de court, traite cette manifestation avec d\u00e9dain quand il pense que ce [&hellip;]<\/p>\n","protected":false},"author":1741,"featured_media":0,"comment_status":"closed","ping_status":"closed","sticky":false,"template":"","format":"standard","meta":{"fifu_image_url":"","fifu_image_alt":"","footnotes":""},"categories":[73,53],"tags":[],"class_list":["post-69858","post","type-post","status-publish","format-standard","hentry","category-actualite","category-algerie"],"_links":{"self":[{"href":"https:\/\/linitiative.ca\/International\/wp-json\/wp\/v2\/posts\/69858","targetHints":{"allow":["GET"]}}],"collection":[{"href":"https:\/\/linitiative.ca\/International\/wp-json\/wp\/v2\/posts"}],"about":[{"href":"https:\/\/linitiative.ca\/International\/wp-json\/wp\/v2\/types\/post"}],"author":[{"embeddable":true,"href":"https:\/\/linitiative.ca\/International\/wp-json\/wp\/v2\/users\/1741"}],"replies":[{"embeddable":true,"href":"https:\/\/linitiative.ca\/International\/wp-json\/wp\/v2\/comments?post=69858"}],"version-history":[{"count":0,"href":"https:\/\/linitiative.ca\/International\/wp-json\/wp\/v2\/posts\/69858\/revisions"}],"wp:attachment":[{"href":"https:\/\/linitiative.ca\/International\/wp-json\/wp\/v2\/media?parent=69858"}],"wp:term":[{"taxonomy":"category","embeddable":true,"href":"https:\/\/linitiative.ca\/International\/wp-json\/wp\/v2\/categories?post=69858"},{"taxonomy":"post_tag","embeddable":true,"href":"https:\/\/linitiative.ca\/International\/wp-json\/wp\/v2\/tags?post=69858"}],"curies":[{"name":"wp","href":"https:\/\/api.w.org\/{rel}","templated":true}]}}