{"id":69860,"date":"2019-12-10T05:00:00","date_gmt":"2019-12-10T10:00:00","guid":{"rendered":"https:\/\/linitiative.ca\/International\/le-mystere-du-courrier-alger-geneve-et-les-malheurs-de-la-vache-milka\/"},"modified":"2019-12-10T05:00:00","modified_gmt":"2019-12-10T10:00:00","slug":"le-mystere-du-courrier-alger-geneve-et-les-malheurs-de-la-vache-milka","status":"publish","type":"post","link":"https:\/\/linitiative.ca\/International\/le-mystere-du-courrier-alger-geneve-et-les-malheurs-de-la-vache-milka\/","title":{"rendered":"Le myst\u00e8re du courrier Alger-Gen\u00e8ve et les malheurs de la vache Milka !"},"content":{"rendered":"<p class=\"c3\">Justice ! Haddad enfonce Sa\u00efd. Eh ben ! Et c\u2019est nous qu\u2019on traite de \u2026<\/p>\n<p class=\"c3\"><strong>\u2026 !<\/strong><\/p>\n<p class=\"c3\">\u00abLa Tribune de Gen\u00e8ve\u00bb, reprise par plusieurs confr\u00e8res, le confirme noir sur blanc : la Suisse, par la voie de son minist\u00e8re des Affaires \u00e9trang\u00e8res, affirme n\u2019avoir re\u00e7u aucune demande d\u00e9z\u00e9dienne pour le blocage des avoirs du clan Bouteflika en terre helv\u00e9tique. \u00c7a pose un sacr\u00e9 probl\u00e8me, ce d\u00e9menti. Plusieurs probl\u00e8mes, m\u00eame ! En t\u00eate de ces probl\u00e8mes, celui de l\u2019acheminement du courrier ! Peut-on encore longtemps travailler avec de telles lenteurs dans le traitement du courrier entre notre pays et les autres nations ? Nous sommes au 21e si\u00e8cle, \u00e0 l\u2019heure de l\u2019intelligence artificielle, de la fibre optique de derni\u00e8re g\u00e9n\u00e9ration et du courrier d\u00e9mat\u00e9rialis\u00e9. Comment une lettre, une simple lettre de demande de gel d\u2019avoirs illicites ne peut pas avoir atterri dans les alpages suisses ? Je ne peux soup\u00e7onner les Suisses de lenteur, malgr\u00e9 tous les clich\u00e9s qui circulent \u00e0 leur sujet. Je reste attach\u00e9 \u00e0 un cet autre clich\u00e9, empreint malgr\u00e9 tout de v\u00e9racit\u00e9, celui de la rigueur suisse. Si Gen\u00e8ve avait effectivement re\u00e7u cette demande, elle l\u2019aurait d\u00e9clar\u00e9, confirm\u00e9. Ce qui n\u2019est pas le cas ! Donc, \u00abEl i\u00eeb fina !\u00bb. Le probl\u00e8me est chez nous ! Si c\u2019est une question d\u2019affranchissement, de timbre, qu\u2019on nous le dise, et nous cotiserons alors tous pour coller avec nos salives m\u00e9lang\u00e9es ce foutu timbre sur cette satan\u00e9e enveloppe. Si c\u2019est un probl\u00e8me de secr\u00e9tariat, de laisser-aller du secr\u00e9taire ou de la secr\u00e9taire en charge de r\u00e9diger la lettre, qu\u2019on nous le dise aussi, car il y a encore assez de place dans les fourgons blancs qui assurent la navette Tribunal-El-Harrach ! Maintenant, si c\u2019est autre chose, qu\u2019on nous le dise aussi ! A la r\u00e9flexion, non ! Ne me dites rien ! Je suis timbr\u00e9, certes, mais pas au point de vous poser ce genre de questions sur votre gestion du courrier ! Non ! G\u00e9rez votre courrier comme bon vous semble, repeignez la vache Milka aux couleurs que vous voudrez, \u00e7a la changera de cet horrible mauve, je me contenterai, quant \u00e0 moi, de fumer du th\u00e9 et de rester \u00e9veill\u00e9 \u00e0 ce cauchemar qui continue.<br \/><em><strong>H. L.<\/strong><\/em><\/p>\n<p>Auteur:<br \/>\n<a href=\"https:\/\/www.lesoirdalgerie.com\/pousse-avec-eux\/le-mystere-du-courrier-alger-geneve-et-les-malheurs-de-la-vache-milka-35011\">Cliquez ici pour lire l&rsquo;article depuis sa source.<\/a><\/p>\n","protected":false},"excerpt":{"rendered":"<p>Justice ! Haddad enfonce Sa\u00efd. Eh ben ! Et c\u2019est nous qu\u2019on traite de \u2026 \u2026 ! \u00abLa Tribune de Gen\u00e8ve\u00bb, reprise par plusieurs confr\u00e8res, le confirme noir sur blanc : la Suisse, par la voie de son minist\u00e8re des Affaires \u00e9trang\u00e8res, affirme n\u2019avoir re\u00e7u aucune demande d\u00e9z\u00e9dienne pour le blocage des avoirs du clan [&hellip;]<\/p>\n","protected":false},"author":1741,"featured_media":0,"comment_status":"closed","ping_status":"closed","sticky":false,"template":"","format":"standard","meta":{"fifu_image_url":"","fifu_image_alt":"","footnotes":""},"categories":[73,53],"tags":[],"class_list":["post-69860","post","type-post","status-publish","format-standard","hentry","category-actualite","category-algerie"],"_links":{"self":[{"href":"https:\/\/linitiative.ca\/International\/wp-json\/wp\/v2\/posts\/69860","targetHints":{"allow":["GET"]}}],"collection":[{"href":"https:\/\/linitiative.ca\/International\/wp-json\/wp\/v2\/posts"}],"about":[{"href":"https:\/\/linitiative.ca\/International\/wp-json\/wp\/v2\/types\/post"}],"author":[{"embeddable":true,"href":"https:\/\/linitiative.ca\/International\/wp-json\/wp\/v2\/users\/1741"}],"replies":[{"embeddable":true,"href":"https:\/\/linitiative.ca\/International\/wp-json\/wp\/v2\/comments?post=69860"}],"version-history":[{"count":0,"href":"https:\/\/linitiative.ca\/International\/wp-json\/wp\/v2\/posts\/69860\/revisions"}],"wp:attachment":[{"href":"https:\/\/linitiative.ca\/International\/wp-json\/wp\/v2\/media?parent=69860"}],"wp:term":[{"taxonomy":"category","embeddable":true,"href":"https:\/\/linitiative.ca\/International\/wp-json\/wp\/v2\/categories?post=69860"},{"taxonomy":"post_tag","embeddable":true,"href":"https:\/\/linitiative.ca\/International\/wp-json\/wp\/v2\/tags?post=69860"}],"curies":[{"name":"wp","href":"https:\/\/api.w.org\/{rel}","templated":true}]}}