{"id":69862,"date":"2019-12-10T05:00:00","date_gmt":"2019-12-10T10:00:00","guid":{"rendered":"https:\/\/linitiative.ca\/International\/benflis-revendique-une-bonne-partie-de-la-base-du-fln\/"},"modified":"2019-12-10T05:00:00","modified_gmt":"2019-12-10T10:00:00","slug":"benflis-revendique-une-bonne-partie-de-la-base-du-fln","status":"publish","type":"post","link":"https:\/\/linitiative.ca\/International\/benflis-revendique-une-bonne-partie-de-la-base-du-fln\/","title":{"rendered":"Benflis revendique une bonne partie de la base du FLN"},"content":{"rendered":"<p>Ali Benflis se fait plus pr\u00e9cis dans les soutiens dont il b\u00e9n\u00e9ficierait au sein de la base du parti FLN dont la direction int\u00e9rimaire vient de signifier son soutien au candidat, le secr\u00e9taire g\u00e9n\u00e9ral int\u00e9rimaire du fr\u00e8re ennemi, le RND.<br \/>M. Kebci-Alger (Le Soir)- Apr\u00e8s avoir revendiqu\u00e9 \u00e0 l\u2019occasion de quelques-unes de ses haltes lors de la campagne \u00e9lectorale pour l\u2019\u00e9lection pr\u00e9sidentielle du 12 d\u00e9cembre prochain, qui a pris fin avant-hier soir, une partie de la base de l\u2019ex-parti unique, le pr\u00e9sident du parti des Avant-gardes des libert\u00e9s se fait plus pr\u00e9cis dans cet appui.<br \/>\u00abLorsque j\u2019\u00e9tais secr\u00e9taire g\u00e9n\u00e9ral du parti FLN, j\u2019avais adopt\u00e9 la strat\u00e9gie de rajeunissement des rangs avec la d\u00e9mocratie comme mode de fonctionnement interne. J\u2019ai fait de sorte \u00e0 ce que des milliers de jeunes des deux sexes prennent part \u00e0 tous les rendez-vous \u00e9lectoraux et \u00e0 tous les niveaux dans l\u2019optique de permettre \u00e0 la jeunesse d\u2019int\u00e9grer l\u2019espace politique et de briguer des postes et assumer des responsabilit\u00e9s. Tout ce beau monde qui constitue un taux important de l\u2019\u00e9lectorat du parti me soutient \u00e0 l\u2019occasion de ce scrutin pr\u00e9sidentiel. Ce qui n\u2019est pas connu de l\u2019opinion publique du fait d\u2019un syst\u00e8me qui fonctionne selon d\u2019anciennes m\u00e9thodes\u00bb, a-t-il affirm\u00e9 au forum politique de l\u2019Agence presse service (APS). Une attitude que Benflis consid\u00e8re comme \u00e9tant une \u00abreconnaissance de la part de ces personnes convaincues, par ailleurs, que je suis sinc\u00e8re et honn\u00eate avec elles et qui savent que je ne cours aucun int\u00e9r\u00eat personnel\u00bb. Un appui que corroborent bien de sources proches de l\u2019ex-parti unique dont la base ne comprendrait pas le soutien exprim\u00e9 par la direction int\u00e9rimaire au candidat Azzeddine Mihoubi, secr\u00e9taire g\u00e9n\u00e9ral int\u00e9rimaire de l\u2019ennemi intime, le RND. D\u2019autant plus que, soutient-on de m\u00eame source, \u00abpareille r\u00e9solution se devait d\u2019\u00eatre prise par le comit\u00e9 central du parti et non pas par un bureau politique de surcro\u00eet int\u00e9rimaire\u00bb.<\/p>\n<p><strong>Des cadres du mouvement Nahda appuient Benflis<\/strong><br \/>Par ailleurs, une centaine de personnalit\u00e9s universitaires, d\u2019avocats, d\u2019ing\u00e9nieurs et d\u2019activistes politiques, dont des cadres du Mouvement Nahda, \u00e0 leur t\u00eate l\u2019ex-secr\u00e9taire g\u00e9n\u00e9ral du parti islamiste Fateh Reba\u00ef, ont d\u00e9cid\u00e9 d\u2019appuyer la candidature de Ali Benflis \u00e0 l\u2019\u00e9lection pr\u00e9sidentielle de jeudi. Dans une d\u00e9claration rendue publique, ces personnalit\u00e9s, entre professeurs universitaires, avocats, m\u00e9decins et activistes affirment que leur d\u00e9marche de soutien au pr\u00e9sident du parti des Avant-gardes des libert\u00e9s va en droite ligne de leur parcours militant au sein de l\u2019opposition \u00e0 la corruption et \u00e0 la dictature et sa participation \u00e0 l\u2019ensemble des phases de l\u2019opposition dans l\u2019optique de trouver une alternative au pouvoir en place, citant en exemple la conf\u00e9rence de Mazafran de juin 2014 et celle des Dynamiques des forces du changement pour le triomphe du mouvement populaire du 22 f\u00e9vrier \u00e9coul\u00e9 tenue en juillet dernier \u00e0 A\u00efn Benian et qui a d\u00e9cortiqu\u00e9 la crise et propos\u00e9 un cadre global de sa r\u00e9solution et son d\u00e9passement.<br \/>Pour les signataires de cette d\u00e9claration d\u2019appui, le programme pr\u00e9sent\u00e9 par le candidat Benflis est le seul \u00e0 m\u00eame de concr\u00e9tiser les revendications de la R\u00e9volution du sourire en cours dans le pays depuis pr\u00e8s de dix mois en ce sens, expliquent-ils, qu\u2019il pr\u00e9conise des reformes politiques profondes qui garantissent les constantes et consacrent la stabilit\u00e9 avec en ligne de mire, une r\u00e9vision de la Constitution et de lois r\u00e9gissant l\u2019activit\u00e9 politique dans le pays et qui remettent la parole au peuple pour exercer sa souverainet\u00e9 afin d\u2019\u00e9difier des institutions de l\u2019Etat sur un socle solide et sain avec l\u00e9gitimit\u00e9 via des \u00e9lections propres et transparentes.<br \/>Ces cadres et activistes n\u2019ont pas manqu\u00e9 de relever, ceci dit, les circonstances pr\u00e9valant dans la pr\u00e9paration de ce scrutin pr\u00e9sidentiel, estimant que la participation \u00e0 ces \u00e9lections constitue un choix nationaliste et une porte vers la solution \u00e0 la crise que vit le pays surtout en l\u2019absence d\u2019alternatives acceptables et qui r\u00e9pondent aux aspirations l\u00e9gitimes du peuple. Les r\u00e9dacteurs de cette motion de soutien n\u2019ont pas \u00e9galement omis de mettre en relief le contexte r\u00e9gional et international, mettant le doigt notamment sur des vell\u00e9it\u00e9s d\u2019entra\u00eener le pays dans la violence et les conflits internes, ce qui pr\u00e9pare les conditions id\u00e9ales pour des interventions \u00e9trang\u00e8res et la dislocation de la coh\u00e9sion nationale et l\u2019arrimage du pays \u00e0 ces nations arabes qui vivent des conflits arm\u00e9s.<br \/>M. K.<\/p>\n<p>Auteur:<br \/>\n<a href=\"https:\/\/www.lesoirdalgerie.com\/actualites\/benflis-revendique-une-bonne-partie-de-la-base-du-fln-35072\">Cliquez ici pour lire l&rsquo;article depuis sa source.<\/a><\/p>\n","protected":false},"excerpt":{"rendered":"<p>Ali Benflis se fait plus pr\u00e9cis dans les soutiens dont il b\u00e9n\u00e9ficierait au sein de la base du parti FLN dont la direction int\u00e9rimaire vient de signifier son soutien au candidat, le secr\u00e9taire g\u00e9n\u00e9ral int\u00e9rimaire du fr\u00e8re ennemi, le RND.M. Kebci-Alger (Le Soir)- Apr\u00e8s avoir revendiqu\u00e9 \u00e0 l\u2019occasion de quelques-unes de ses haltes lors de [&hellip;]<\/p>\n","protected":false},"author":1741,"featured_media":0,"comment_status":"closed","ping_status":"closed","sticky":false,"template":"","format":"standard","meta":{"fifu_image_url":"","fifu_image_alt":"","footnotes":""},"categories":[73,53],"tags":[],"class_list":["post-69862","post","type-post","status-publish","format-standard","hentry","category-actualite","category-algerie"],"_links":{"self":[{"href":"https:\/\/linitiative.ca\/International\/wp-json\/wp\/v2\/posts\/69862","targetHints":{"allow":["GET"]}}],"collection":[{"href":"https:\/\/linitiative.ca\/International\/wp-json\/wp\/v2\/posts"}],"about":[{"href":"https:\/\/linitiative.ca\/International\/wp-json\/wp\/v2\/types\/post"}],"author":[{"embeddable":true,"href":"https:\/\/linitiative.ca\/International\/wp-json\/wp\/v2\/users\/1741"}],"replies":[{"embeddable":true,"href":"https:\/\/linitiative.ca\/International\/wp-json\/wp\/v2\/comments?post=69862"}],"version-history":[{"count":0,"href":"https:\/\/linitiative.ca\/International\/wp-json\/wp\/v2\/posts\/69862\/revisions"}],"wp:attachment":[{"href":"https:\/\/linitiative.ca\/International\/wp-json\/wp\/v2\/media?parent=69862"}],"wp:term":[{"taxonomy":"category","embeddable":true,"href":"https:\/\/linitiative.ca\/International\/wp-json\/wp\/v2\/categories?post=69862"},{"taxonomy":"post_tag","embeddable":true,"href":"https:\/\/linitiative.ca\/International\/wp-json\/wp\/v2\/tags?post=69862"}],"curies":[{"name":"wp","href":"https:\/\/api.w.org\/{rel}","templated":true}]}}