{"id":69864,"date":"2019-12-10T12:57:53","date_gmt":"2019-12-10T17:57:53","guid":{"rendered":"https:\/\/linitiative.ca\/International\/prix-nobel-de-la-paix\/"},"modified":"2019-12-10T12:57:53","modified_gmt":"2019-12-10T17:57:53","slug":"prix-nobel-de-la-paix","status":"publish","type":"post","link":"https:\/\/linitiative.ca\/International\/prix-nobel-de-la-paix\/","title":{"rendered":"\u00a0PRIX NOBEL DE LA PAIX"},"content":{"rendered":"<div class=\"stream-item stream-item-above-post-content\">\n<p><noscript><\/p>\n<p><a href=\"\/\/www3.smartadserver.com\/ac?jump=1&#038;nwid=2136&#038;siteid=240610&#038;pgname=rg&#038;fmtid=49046&#038;visit=m&#038;tmstp=[timestamp]&#038;out=nonrich\" target=\"_blank\" rel=\"noopener noreferrer\"><img decoding=\"async\" src=\"\/\/www3.smartadserver.com\/ac?out=nonrich&#038;nwid=2136&#038;siteid=240610&#038;pgname=rg&#038;fmtid=49046&#038;visit=m&#038;tmstp=[timestamp]\" border=\"0\" alt=\"\"\/><\/a><\/p>\n<p><\/noscript><\/div>\n<p class=\"c3\"><em>Le prix Nobel de la paix, le 100e du genre, a \u00e9t\u00e9 d\u00e9cern\u00e9 cette ann\u00e9e au pr\u00e9sident \u00e9thiopien, Abiy Ahmed, pour son apport \u00e0 la coop\u00e9ration internationale et pour ses efforts de paix, notamment avec le fr\u00e8re ennemi et voisin \u00e9rythr\u00e9en. C\u2019est, hier, 10 d\u00e9cembre 2019, que le quadrag\u00e9naire pr\u00e9sident d\u2019Ethiopie a re\u00e7u sa m\u00e9daille d\u2019or, son dipl\u00f4me et le ch\u00e8que qui va avec, d\u2019un montant de 9 millions de couronnes su\u00e9doises, soit un peu moins de 600 millions de F CFA. Mais \u00e0 l\u2019occasion, Abiy Ahmed, contrairement aux autres laur\u00e9ats lors des \u00e9ditions pr\u00e9c\u00e9dentes, a refus\u00e9 de r\u00e9pondre aux questions des journalistes qui auraient certainement voulu lui tirer les verres du nez. Pourquoi\u00a0? Difficile d\u2019y r\u00e9pondre. Pour le moins, on sait que cette distinction est un honneur pour cet homme qui dirige l\u2019Ex\u00e9cutif \u00e9thiopien depuis seulement un peu plus d\u2019une ann\u00e9e, et qui s\u2019est investi tambour battant et d\u00e8s sa prise de fonction, pour la fin de la bellig\u00e9rance entre son pays et l\u2019Erythr\u00e9e depuis que ce dernier a obtenu son ind\u00e9pendance au terme d\u2019une guerre fratricide, en 1991. D\u00e8s la r\u00e9v\u00e9lation du nom du laur\u00e9at de cette distinction tant convoit\u00e9e, des critiques ont \u00e9t\u00e9 formul\u00e9es \u00e0 l\u2019encontre du jury pour ce choix, au motif que Abiy Ahmed n\u2019est non seulement pas parvenu \u00e0 d\u00e9samorcer les tensions internes qui se traduisent par des affrontements intercommunautaires, mais aussi que pour ce qui concerne la r\u00e9conciliation avec son voisin, ses efforts risquent d\u2019\u00eatre vains \u00e0 cause des r\u00e9ticences de la vieille garde \u00e9thiopienne, et surtout du peu de cr\u00e9dibilit\u00e9 dont jouit son interlocuteur, le pr\u00e9sident \u00e9rythr\u00e9en, Issaias Afeworki. Tout cela est vrai, mais il faut reconna\u00eetre que le pr\u00e9sident nouvellement nob\u00e9lis\u00e9 a, apr\u00e8s seulement quelques mois d\u2019exercice du pouvoir dans ce pays complexe qu\u2019est l\u2019Ethiopie, pos\u00e9 des actes forts et volontaristes allant dans le sens de la r\u00e9conciliation, pas seulement entre son pays et son turbulent voisin, mais aussi entre les diff\u00e9rentes communaut\u00e9s ethniques et religieuses qui ont fait de l\u2019Ethiopie, la plus grande poudri\u00e8re de la Corne de l\u2019Afrique.<\/em><\/p>\n<p><strong>Il n\u2019y a pas eu d\u2019erreur de casting<\/strong><\/p>\n<p class=\"c3\"><em>A titre d\u2019exemples et sans \u00eatre exhaustif sur les actes louables pos\u00e9s sous le magist\u00e8re de ce jeune Lieutenant-colonel aujourd\u2019hui en costume-cravate, il y a l\u2019accord sign\u00e9 en juillet 2018 entre l\u2019Eglise orthodoxe et les communaut\u00e9s chr\u00e9tiennes de la diaspora pour former un seul synode afin de mettre fin \u00e0 leurs gu\u00e9guerres, mais il y a surtout cet autre accord sign\u00e9 le 7 ao\u00fbt 2018 entre l\u2019Etat \u00e9thiopien et le Front de lib\u00e9ration oromo qui, th\u00e9oriquement, devrait ramener d\u00e9finitivement les s\u00e9cessionnistes oromo dans le giron de la R\u00e9publique. Par ailleurs, et toujours au cr\u00e9dit du pr\u00e9sident Ahmed, on peut citer la cr\u00e9ation, le 26 d\u00e9cembre 2018, de la Commission r\u00e9conciliation charg\u00e9e d\u2019organiser des s\u00e9minaires de r\u00e9conciliation mais aussi \u00ab d\u2019enqu\u00eater pour identifier les causes des disputes et violations des droits humains\u00a0\u00bb. Et comment ne pas mentionner ce front qu\u2019il a ouvert contre l\u2019enrichissement illicite en proc\u00e9dant, d\u00e8s novembre 2018, \u00e0 l\u2019arrestation de plusieurs dizaines de personnalit\u00e9s civiles et militaires qui ont plong\u00e9 leur barbichette dans la sauce f\u00e9tide de la corruption\u00a0? Si on ajoute \u00e0 ces mesures d\u2019assainissement et de r\u00e9conciliation internes, la normalisation des relations avec l\u2019Erythr\u00e9e, act\u00e9e \u00e0 Djeddah le 16 septembre 2018, on peut dire que la distinction de Abiy Ahmed par le comit\u00e9 Nobel est globalement m\u00e9rit\u00e9e. Il n\u2019y a donc pas eu d\u2019erreur de casting comme on l\u2019a entendu dans certains milieux, si fait que l\u2019argument de la pr\u00e9cipitation brandi pour lui d\u00e9nier le m\u00e9rite, a \u00e9t\u00e9 battu en br\u00e8che par la pr\u00e9sidente du comit\u00e9 Nobel, Berit Reiss- Andersen, qui a expliqu\u00e9 que cette r\u00e9compense n\u2019est ni plus ni moins qu\u2019une prime au volontarisme et un encouragement au Premier ministre \u00e9thiopien \u00e0 aller de l\u2019avant dans ses appels du pied \u00e0 son fr\u00e8re ennemi et voisin du nord pour une d\u00e9finitive paix des braves. Certains analystes estiment que pour que ce prix produise l\u2019effet escompt\u00e9, il eut fallu d\u00e9cerner la m\u00e9daille conjointement \u00e0 Ahmed et \u00e0 son homologue Afeworki d\u2019\u00c9rythr\u00e9e, \u00e9tant entendu qu\u2019il faut forc\u00e9ment \u00eatre deux pour danser le tango de la paix. C\u2019est vrai qu\u2019il y a eu les pr\u00e9c\u00e9dents Mandela-Declercq, Arafat-Rabin, mais dans le couple Ahmed-Afeworki, il y a un partenaire qui est loin de remplir les crit\u00e8res d\u2019\u00e9ligibilit\u00e9, et c\u2019est bel et bien Afeworki qui est la fausse note dans ce tandem. Le pr\u00e9sident \u00e9rythr\u00e9en est connu en effet pour \u00eatre un chef d\u2019Etat \u00e0 la fois parano\u00efaque et autoritaire, qui a interdit le multipartisme et la libert\u00e9 de la presse, et qui a strictement encadr\u00e9 la Justice et la religion. C\u2019e\u00fbt \u00e9t\u00e9 donc une erreur grave de la part du comit\u00e9 Nobel norv\u00e9gien, si cette prestigieuse distinction avait \u00e9t\u00e9 remise \u00e0 celui dont la majorit\u00e9 de la population est ballot\u00e9e entre mis\u00e8re et r\u00e9pression, et qui a maille \u00e0 partir avec quasiment tous ses voisins de la Corne de l\u2019Afrique. Peut-\u00eatre qu\u2019avec cet honneur fait \u00e0 son homologue \u00e9thiopien, il va nourrir l\u2019ambition d\u2019accrocher cette rarissime m\u00e9daille \u00e0 son palmar\u00e8s avant de tirer sa r\u00e9v\u00e9rence. Il aurait, si tel \u00e9tait le cas, du chemin \u00e0 faire pour y arriver, et ce n\u2019est pas s\u00fbr que la nature lui en donne l\u2019occasion, avec ses 73 ans bien sonn\u00e9s. En attendant cet hypoth\u00e9tique et plus qu\u2019improbable sacre du tyran d\u2019Asmara, on peut f\u00e9liciter le Premier ministre \u00e9thiopien pour avoir \u00e9t\u00e9 le 4e chef d\u2019Etat africain en exercice \u00e0 \u00eatre ainsi honor\u00e9, apr\u00e8s Ellen Johnson Sirleaf du Lib\u00e9ria en 2011, Frederik Willem de Klerk d\u2019Afrique du Sud en 1993 et Anouar El-Sadate d\u2019Egypte en 1978.<\/em><\/p>\n<p><strong><em>\u00ab\u00a0Le Pays\u00a0\u00bb<\/em><\/strong><\/p>\n<p>Auteur: Le Pays<br \/>\n<a href=\"http:\/\/lepays.bf\/prix-nobel-de-la-paix\/\">Cliquez ici pour lire l&rsquo;article depuis sa source.<\/a><\/p>\n","protected":false},"excerpt":{"rendered":"<p>Le prix Nobel de la paix, le 100e du genre, a \u00e9t\u00e9 d\u00e9cern\u00e9 cette ann\u00e9e au pr\u00e9sident \u00e9thiopien, Abiy Ahmed, pour son apport \u00e0 la coop\u00e9ration internationale et pour ses efforts de paix, notamment avec le fr\u00e8re ennemi et voisin \u00e9rythr\u00e9en. C\u2019est, hier, 10 d\u00e9cembre 2019, que le quadrag\u00e9naire pr\u00e9sident d\u2019Ethiopie a re\u00e7u sa m\u00e9daille [&hellip;]<\/p>\n","protected":false},"author":1813,"featured_media":0,"comment_status":"closed","ping_status":"closed","sticky":false,"template":"","format":"standard","meta":{"fifu_image_url":"","fifu_image_alt":"","footnotes":""},"categories":[73,81],"tags":[],"class_list":["post-69864","post","type-post","status-publish","format-standard","hentry","category-actualite","category-burkina-faso"],"_links":{"self":[{"href":"https:\/\/linitiative.ca\/International\/wp-json\/wp\/v2\/posts\/69864","targetHints":{"allow":["GET"]}}],"collection":[{"href":"https:\/\/linitiative.ca\/International\/wp-json\/wp\/v2\/posts"}],"about":[{"href":"https:\/\/linitiative.ca\/International\/wp-json\/wp\/v2\/types\/post"}],"author":[{"embeddable":true,"href":"https:\/\/linitiative.ca\/International\/wp-json\/wp\/v2\/users\/1813"}],"replies":[{"embeddable":true,"href":"https:\/\/linitiative.ca\/International\/wp-json\/wp\/v2\/comments?post=69864"}],"version-history":[{"count":0,"href":"https:\/\/linitiative.ca\/International\/wp-json\/wp\/v2\/posts\/69864\/revisions"}],"wp:attachment":[{"href":"https:\/\/linitiative.ca\/International\/wp-json\/wp\/v2\/media?parent=69864"}],"wp:term":[{"taxonomy":"category","embeddable":true,"href":"https:\/\/linitiative.ca\/International\/wp-json\/wp\/v2\/categories?post=69864"},{"taxonomy":"post_tag","embeddable":true,"href":"https:\/\/linitiative.ca\/International\/wp-json\/wp\/v2\/tags?post=69864"}],"curies":[{"name":"wp","href":"https:\/\/api.w.org\/{rel}","templated":true}]}}