{"id":69868,"date":"2019-12-10T06:51:33","date_gmt":"2019-12-10T11:51:33","guid":{"rendered":"https:\/\/linitiative.ca\/International\/invitation-des-chefs-detats-du-g5-sahel-a-pau-que-faire-face-a-la-polemique\/"},"modified":"2019-12-10T06:51:33","modified_gmt":"2019-12-10T11:51:33","slug":"invitation-des-chefs-detats-du-g5-sahel-a-pau-que-faire-face-a-la-polemique","status":"publish","type":"post","link":"https:\/\/linitiative.ca\/International\/invitation-des-chefs-detats-du-g5-sahel-a-pau-que-faire-face-a-la-polemique\/","title":{"rendered":"Invitation des chefs d\u2019Etats du G5-Sahel \u00e0 Pau\u00a0: que faire face \u00e0 la pol\u00e9mique\u00a0?"},"content":{"rendered":"<p>Le pr\u00e9sident fran\u00e7ais Emmanuel Macron invite les chefs d\u2019\u00c9tat des cinq pays membres du G5-Sahel (Mauritanie, Mali, Burkina Faso, Niger et Tchad) \u00e0 se rendre le 16 d\u00e9cembre prochain \u00e0 Pau en France afin de clarifier leurs positions sur l\u2019ambig\u00fcit\u00e9 autour de la pr\u00e9sence des forces militaires fran\u00e7aises dans le Sahel et l\u2019expression des \u00ab mouvements anti-fran\u00e7ais \u00bb en Afrique francophone. \u00ab Je ne peux, ni ne veux, avoir des soldats fran\u00e7ais au Sahel alors que l\u2019ambigu\u00eft\u00e9 perdure \u00e0 l\u2019\u00e9gard des mouvements antifran\u00e7ais. J\u2019ai besoin de clarifications pour continuer \u00e0 maintenir la pr\u00e9sence fran\u00e7aise \u00bb a d\u00e9clar\u00e9 Emmanuel Macron le 4 d\u00e9cembre 2019 en marge du Sommet de l\u2019OTAN \u00e0 Londres. Il n\u2019en fallait pas plus pour que la toile s\u2019explose, les internautes ayant imm\u00e9diatement investis les r\u00e9seaux sociaux pour exprimer leur indignation face \u00e0 qu\u2019ils qualifient d\u2019arrogance du chef de l\u2019\u00c9tat fran\u00e7ais \u00e0 l\u2019\u00e9gard de ses pairs du G5-Sahel.<\/p>\n<p>Au-del\u00e0 des anonymes qui se cachent derni\u00e8re leurs claviers pour publier leurs humeurs, des Organisations comme le Groupe de travail du Rapport Alternatif sur l\u2019Afrique (RASA) et le Cercle Humaniste et d\u2019Engagement et de R\u00e9flexion pour l\u2019Avenir de l\u2019Afrique (CHERPAA) ont aussi r\u00e9agi demandant aux dirigeants de ne pas effectuer le d\u00e9placement \u00e0 Pau. Contrairement \u00e0 ce que certains pensent, que les pr\u00e9sidents des pays membres du G5-Sahel se rendent \u00e0 Pau o\u00f9 boudent l\u2019invitation de Macron, l\u00e0 n\u2019est pas le plus important car cela ne changera rien dans la situation s\u00e9curitaire pr\u00e9occupante qui pr\u00e9vaut actuellement au Sahel. Le plus important est plut\u00f4t ce que nos dirigeants iront dire \u00e0 Emmanuel Macron dans la cit\u00e9 b\u00e9arnaise. Et Comme l\u2019a d\u00e9j\u00e0 \u00e9voqu\u00e9 le pr\u00e9sident s\u00e9n\u00e9galais Macky Sall lors du Forum de Dakar sur la s\u00e9curit\u00e9 le mois dernier, on ne peut pas comprendre qu\u2019avec des milliers de troupes \u00e9trang\u00e8res dans le Sahel les groupes terroristes continuent de gagner du terrain dans cette r\u00e9gion. Pour mieux comprendre cette attitude de Macron un certains nombre d\u2019interrogations s\u2019imposent\u00a0:\u00a0 \u00a0dans quel contexte intervient l\u2019appel du pr\u00e9sident francais ? Refuser de se rendre \u00e0 Pau est-il la meilleure option ? Pour les fins observateurs, on assiste depuis ces derniers temps \u00e0 des critiques acerbes contre la pr\u00e9sence des forces fran\u00e7aises (Karkhane) dans la r\u00e9gion du Sahel et l\u2019expression g\u00e9n\u00e9ralis\u00e9e de sentiments anti-fran\u00e7ais au sein de l\u2019opinion publique dans l\u2019espace G5-Sahel. Pendant que cette pol\u00e9mique sur la pr\u00e9sence fran\u00e7aise ne cesse de s\u2019enfler, treize soldats fran\u00e7ais d\u00e9ploy\u00e9s au Sahel ont trouv\u00e9 la mort dans un accident d\u2019h\u00e9licopt\u00e8re au Mali il y a deux semaines. C\u2019est certainement tenaill\u00e9 par la l\u2019\u00e9volution et la tournure des \u00e9v\u00e9nements dans cette partie du continent que le pr\u00e9sident Macron a annonc\u00e9 la tenue du mini-sommet de Pau. Surtout que dans son propre pays, les jours \u00e0 venir s\u2019annoncent \u00e9galement difficiles pour son gouvernement attendu fermement sur la reforme des retraites avec en face des syndicats qui menacent d\u2019appeler leurs bases \u00e0 descendre dans la rue au moindre couac. Pris ainsi entre deux feux, la rencontre avec les dirigeants du G5-Sahel semblait n\u00e9cessaire pour Emmanuel Macron qui cherche d\u00e9sesp\u00e9r\u00e9ment \u00e0 calmer les fronts. On pourrait cependant \u00e9piloguer sur la forme de l\u2019invitation qui n\u2019aurait pas respect\u00e9 les civilit\u00e9s que se doivent les \u00c9tats et la tradition diplomatique en pareilles circonstances. Sinon \u00e0 notre humble avis cette rencontre est une occasion r\u00eav\u00e9e pour les dirigeants du G5-Sahel pour poser le vrai d\u00e9bat sur la situation s\u00e9curitaire au Sahel.<\/p>\n<div class=\"td-a-rec td-a-rec-id-content_inline tdi_30_ddf td_block_template_1\"><a href=\"https:\/\/www.sidwaya.info\/wp-content\/uploads\/2019\/12\/Bandeau-11-De%CC%81cembre-3.jpg\"><img loading=\"lazy\" decoding=\"async\" src=\"https:\/\/www.sidwaya.info\/wp-content\/uploads\/2019\/12\/Bandeau-11-De%CC%81cembre-3.jpg\" alt=\"\" width=\"720\" height=\"90\" class=\"aligncenter size-full wp-image-17180\"\/><\/a><\/div>\n<p>Car la destruction de la Libye par la France et ses alli\u00e9s est, en partie, \u00e0 l\u2019origine de la naissance des groupes arm\u00e9s dans la sous r\u00e9gion et de la mont\u00e9e fulgurante du terrorisme dont le G5-sahel semble \u00eatre un terreau fertile. La rencontre de Pau offre donc l\u2019occasion pour rappeler \u00e0 la France sa responsabilit\u00e9 dans la guerre qui a entrain\u00e9 la mort du Guide libyen Mouammar Kadhafi et la destruction de son pays. Vivement que Pau soit un tournant d\u00e9cisif pour le G5-Sahel\u00a0!<\/p>\n<p><strong>Beyon Romain NEBIE<\/strong><\/p>\n<p>nbeyonromain@yahoo.fr<\/p>\n<p><em>\u00a0\u00a0<\/em><\/p>\n<div class=\"td-a-rec td-a-rec-id-content_bottom tdi_31_f4e td_block_template_1\"><img loading=\"lazy\" decoding=\"async\" class=\"aligncenter size-full wp-image-9623\" src=\"https:\/\/www.sidwaya.info\/wp-content\/uploads\/2019\/06\/Projet-bannie%CC%80re-Orange-mobile.jpg\" alt=\"\" width=\"728\" height=\"81\"\/><\/div>\n<p>Auteur: BS. Sidwaya<br \/>\n<a href=\"https:\/\/www.sidwaya.info\/blog\/2019\/12\/10\/invitation-des-chefs-detats-du-g5-sahel-a-pau-que-faire-face-a-la-polemique\/\">Cliquez ici pour lire l&rsquo;article depuis sa source.<\/a><\/p>\n","protected":false},"excerpt":{"rendered":"<p>Le pr\u00e9sident fran\u00e7ais Emmanuel Macron invite les chefs d\u2019\u00c9tat des cinq pays membres du G5-Sahel (Mauritanie, Mali, Burkina Faso, Niger et Tchad) \u00e0 se rendre le 16 d\u00e9cembre prochain \u00e0 Pau en France afin de clarifier leurs positions sur l\u2019ambig\u00fcit\u00e9 autour de la pr\u00e9sence des forces militaires fran\u00e7aises dans le Sahel et l\u2019expression des \u00ab [&hellip;]<\/p>\n","protected":false},"author":1816,"featured_media":69869,"comment_status":"closed","ping_status":"closed","sticky":false,"template":"","format":"standard","meta":{"fifu_image_url":"","fifu_image_alt":"","footnotes":""},"categories":[73,81],"tags":[],"class_list":["post-69868","post","type-post","status-publish","format-standard","has-post-thumbnail","hentry","category-actualite","category-burkina-faso"],"_links":{"self":[{"href":"https:\/\/linitiative.ca\/International\/wp-json\/wp\/v2\/posts\/69868","targetHints":{"allow":["GET"]}}],"collection":[{"href":"https:\/\/linitiative.ca\/International\/wp-json\/wp\/v2\/posts"}],"about":[{"href":"https:\/\/linitiative.ca\/International\/wp-json\/wp\/v2\/types\/post"}],"author":[{"embeddable":true,"href":"https:\/\/linitiative.ca\/International\/wp-json\/wp\/v2\/users\/1816"}],"replies":[{"embeddable":true,"href":"https:\/\/linitiative.ca\/International\/wp-json\/wp\/v2\/comments?post=69868"}],"version-history":[{"count":0,"href":"https:\/\/linitiative.ca\/International\/wp-json\/wp\/v2\/posts\/69868\/revisions"}],"wp:featuredmedia":[{"embeddable":true,"href":"https:\/\/linitiative.ca\/International\/wp-json\/"}],"wp:attachment":[{"href":"https:\/\/linitiative.ca\/International\/wp-json\/wp\/v2\/media?parent=69868"}],"wp:term":[{"taxonomy":"category","embeddable":true,"href":"https:\/\/linitiative.ca\/International\/wp-json\/wp\/v2\/categories?post=69868"},{"taxonomy":"post_tag","embeddable":true,"href":"https:\/\/linitiative.ca\/International\/wp-json\/wp\/v2\/tags?post=69868"}],"curies":[{"name":"wp","href":"https:\/\/api.w.org\/{rel}","templated":true}]}}