{"id":69871,"date":"2019-12-10T13:18:07","date_gmt":"2019-12-10T18:18:07","guid":{"rendered":"https:\/\/linitiative.ca\/International\/cote-divoire-2-policiers-arretes-pour-extorsion-de-fonds\/"},"modified":"2019-12-10T13:18:07","modified_gmt":"2019-12-10T18:18:07","slug":"cote-divoire-2-policiers-arretes-pour-extorsion-de-fonds","status":"publish","type":"post","link":"https:\/\/linitiative.ca\/International\/cote-divoire-2-policiers-arretes-pour-extorsion-de-fonds\/","title":{"rendered":"C\u00f4te d\u2019Ivoire : 2 policiers arr\u00eat\u00e9s pour extorsion de fonds"},"content":{"rendered":"<div readability=\"32\">\n<p>Publi\u00e9 le 10.12.2019 \u00e0 19h18 par APA News<\/p>\n<\/div>\n<div readability=\"57\">\n<p>Deux policiers, un officier et un sous-officier ivoiriens qui sont poursuivis par le Tribunal d\u2019Abidjan pour extorsion de fonds, ont \u00e9t\u00e9 \u00e9crou\u00e9s \u00e0 la Maison d\u2019arr\u00eat militaire d\u2019Abidjan ( MAMA), a appris APA mardi aupr\u00e8s de cette juridiction.Dans une note d\u2019information, le Tribunal militaire d\u2019Abidjan explique que les deux policiers ont fait une perquisition sans ordre de mission chez le sieur L.D chez qui ils ont d\u00e9couvert 14 doses de coca\u00efne et \u00e0 qui ils ont demand\u00e9 par la suite de monnayer sa libert\u00e9 contre la somme de 3 000 000 FCFA.<\/p>\n<p>\u00a0\u00ab Sur le champ, L.D leur remet la somme de 600.000 FCFA\u00bb, indique la note soulignant pour le reliquat, il a sollicit\u00e9 un de ses amis qui \u00e0 son tour, a alert\u00e9 les autorit\u00e9s polici\u00e8res.\u00a0<\/p>\n<p>Une descente muscl\u00e9e des forces de s\u00e9curit\u00e9 a ainsi permis de s\u2019assurer que les mis en cause sont effectivement des \u00e9l\u00e9ments de la police nationale ivoirienne.\u00a0<\/p>\n<p>\u00ab Ces deux policiers qui n\u2019ont re\u00e7u aucun ordre de mission et de surcro\u00eet n\u00e9gociaient une libert\u00e9, ont \u00e9t\u00e9 arr\u00eat\u00e9s et conduit devant le commissaire du gouvernement. Ils sont poursuivis pour extorsion de fonds et \u00e9crou\u00e9s \u00e0 la MAMA. Quant \u00e0 L.D, il est poursuivi pour d\u00e9tention de drogue et a \u00e9t\u00e9 mis \u00e0 la disposition du parquet d\u2019Abidjan\u00bb, explique le parquet militaire d\u2019Abidjan.<\/p>\n<\/div>\n<p>Auteur: APA News<br \/>\n<a href=\"https:\/\/www.journalducameroun.com\/cote-divoire-2-policiers-arretes-pour-extorsion-de-fonds\/\">Cliquez ici pour lire l&rsquo;article depuis sa source.<\/a><\/p>\n","protected":false},"excerpt":{"rendered":"<p>Publi\u00e9 le 10.12.2019 \u00e0 19h18 par APA News Deux policiers, un officier et un sous-officier ivoiriens qui sont poursuivis par le Tribunal d\u2019Abidjan pour extorsion de fonds, ont \u00e9t\u00e9 \u00e9crou\u00e9s \u00e0 la Maison d\u2019arr\u00eat militaire d\u2019Abidjan ( MAMA), a appris APA mardi aupr\u00e8s de cette juridiction.Dans une note d\u2019information, le Tribunal militaire d\u2019Abidjan explique que [&hellip;]<\/p>\n","protected":false},"author":1965,"featured_media":0,"comment_status":"closed","ping_status":"closed","sticky":false,"template":"","format":"standard","meta":{"fifu_image_url":"","fifu_image_alt":"","footnotes":""},"categories":[73,82],"tags":[],"class_list":["post-69871","post","type-post","status-publish","format-standard","hentry","category-actualite","category-cameroun"],"_links":{"self":[{"href":"https:\/\/linitiative.ca\/International\/wp-json\/wp\/v2\/posts\/69871","targetHints":{"allow":["GET"]}}],"collection":[{"href":"https:\/\/linitiative.ca\/International\/wp-json\/wp\/v2\/posts"}],"about":[{"href":"https:\/\/linitiative.ca\/International\/wp-json\/wp\/v2\/types\/post"}],"author":[{"embeddable":true,"href":"https:\/\/linitiative.ca\/International\/wp-json\/wp\/v2\/users\/1965"}],"replies":[{"embeddable":true,"href":"https:\/\/linitiative.ca\/International\/wp-json\/wp\/v2\/comments?post=69871"}],"version-history":[{"count":0,"href":"https:\/\/linitiative.ca\/International\/wp-json\/wp\/v2\/posts\/69871\/revisions"}],"wp:attachment":[{"href":"https:\/\/linitiative.ca\/International\/wp-json\/wp\/v2\/media?parent=69871"}],"wp:term":[{"taxonomy":"category","embeddable":true,"href":"https:\/\/linitiative.ca\/International\/wp-json\/wp\/v2\/categories?post=69871"},{"taxonomy":"post_tag","embeddable":true,"href":"https:\/\/linitiative.ca\/International\/wp-json\/wp\/v2\/tags?post=69871"}],"curies":[{"name":"wp","href":"https:\/\/api.w.org\/{rel}","templated":true}]}}