{"id":69872,"date":"2019-12-10T13:50:04","date_gmt":"2019-12-10T18:50:04","guid":{"rendered":"https:\/\/linitiative.ca\/International\/le-graet-quasiment-aucune-chance-dorganiser-algerie-france-en-2020\/"},"modified":"2019-12-10T13:50:04","modified_gmt":"2019-12-10T18:50:04","slug":"le-graet-quasiment-aucune-chance-dorganiser-algerie-france-en-2020","status":"publish","type":"post","link":"https:\/\/linitiative.ca\/International\/le-graet-quasiment-aucune-chance-dorganiser-algerie-france-en-2020\/","title":{"rendered":"Le Gra\u00ebt: \u00ab\u00a0Quasiment\u00a0\u00bb aucune chance d\u2019organiser Alg\u00e9rie-France en 2020"},"content":{"rendered":"<div readability=\"32\">\n<p>Publi\u00e9 le 10.12.2019 \u00e0 19h50 par AFP<\/p>\n<\/div>\n<div readability=\"79\">\n<p>Il n\u2019y a \u00ab\u00a0quasiment\u00a0\u00bb aucune chance que le projet tr\u00e8s symbolique de match amical Alg\u00e9rie-France aboutisse en 2020 pour des questions de calendrier, a annonc\u00e9 mardi le pr\u00e9sident de la F\u00e9d\u00e9ration fran\u00e7aise de football No\u00ebl Le Gra\u00ebt \u00e0 l\u2019AFP, assurant n\u00e9anmoins garder la ferme volont\u00e9 de le concr\u00e9tiser.<\/p>\n<p>La possibilit\u00e9 de voir le projet aboutir est-elle exclue pour l\u2019an prochain ? \u00ab\u00a0En 2020, quasiment. Quand je vois le calendrier, entre les matches de qualifications, l\u2019Euro, la Ligue des nations, c\u2019est tr\u00e8s compliqu\u00e9, pour eux comme pour nous. (\u2026) Il y a une \u00e9lection pr\u00e9sidentielle importante l\u00e0-bas (le 12 d\u00e9cembre). Mais il faut qu\u2019on y arrive\u00a0\u00bb, a lanc\u00e9 le dirigeant aupr\u00e8s de l\u2019AFP.<\/p>\n<p>\u00ab\u00a0En tout cas, (ce ne sera) pas au premier semestre\u00a0\u00bb, avait-il d\u00e9clar\u00e9 un peu plus t\u00f4t en conf\u00e9rence de presse apr\u00e8s l\u2019annonce de la prolongation de contrat du s\u00e9lectionneur Didier Deschamps jusqu\u2019en 2022, assurant toutefois: \u00ab\u00a0Ma volont\u00e9 reste ferme.\u00a0\u00bb<\/p>\n<p>Hautement symbolique en raison de l\u2019histoire commune aux deux pays, la seule rencontre France-Alg\u00e9rie a eu lieu en octobre 2001. Le match avait \u00e9t\u00e9 interrompu apr\u00e8s l\u2019envahissement du terrain par des supporters alg\u00e9riens alors que le score \u00e9tait de 4-1 pour la France.<\/p>\n<p>No\u00ebl Le Gra\u00ebt a toutefois r\u00e9affirm\u00e9 qu\u2019il r\u00eavait de pouvoir organiser dans un avenir proche un duel entre les champions du monde 2018 et les champions d\u2019Afrique 2019.<\/p>\n<p>\u00ab\u00a0On a l\u2019impression que la France ne pourra jamais rencontrer l\u2019Alg\u00e9rie, mais moi j\u2019ai tellement envie. Ce sont les deux seuls pays pratiquement qui ne peuvent pas se rencontrer, alors qu\u2019il y a un attachement\u00a0\u00bb, a-t-il soulign\u00e9, rappelant les liens historiques et culturels entre les deux pays.<\/p>\n<p>Le pr\u00e9sident de la FFF a pr\u00e9cis\u00e9 qu\u2019il comptait se rendre en Alg\u00e9rie \u00ab\u00a0fin janvier, d\u00e9but f\u00e9vrier pour bavarder\u00a0\u00bb, tout en restant attentif au \u00ab\u00a0contexte politique l\u00e0-bas qui doit se stabiliser\u00a0\u00bb \u00e0 deux jours de la pr\u00e9sidentielle du 12 d\u00e9cembre.<\/p>\n<\/div>\n<p>Auteur: AFP<br \/>\n<a href=\"https:\/\/www.journalducameroun.com\/le-graet-quasiment-aucune-chance-dorganiser-algerie-france-en-2020\/\">Cliquez ici pour lire l&rsquo;article depuis sa source.<\/a><\/p>\n","protected":false},"excerpt":{"rendered":"<p>Publi\u00e9 le 10.12.2019 \u00e0 19h50 par AFP Il n\u2019y a \u00ab\u00a0quasiment\u00a0\u00bb aucune chance que le projet tr\u00e8s symbolique de match amical Alg\u00e9rie-France aboutisse en 2020 pour des questions de calendrier, a annonc\u00e9 mardi le pr\u00e9sident de la F\u00e9d\u00e9ration fran\u00e7aise de football No\u00ebl Le Gra\u00ebt \u00e0 l\u2019AFP, assurant n\u00e9anmoins garder la ferme volont\u00e9 de le concr\u00e9tiser. [&hellip;]<\/p>\n","protected":false},"author":1965,"featured_media":0,"comment_status":"closed","ping_status":"closed","sticky":false,"template":"","format":"standard","meta":{"fifu_image_url":"","fifu_image_alt":"","footnotes":""},"categories":[73,82],"tags":[],"class_list":["post-69872","post","type-post","status-publish","format-standard","hentry","category-actualite","category-cameroun"],"_links":{"self":[{"href":"https:\/\/linitiative.ca\/International\/wp-json\/wp\/v2\/posts\/69872","targetHints":{"allow":["GET"]}}],"collection":[{"href":"https:\/\/linitiative.ca\/International\/wp-json\/wp\/v2\/posts"}],"about":[{"href":"https:\/\/linitiative.ca\/International\/wp-json\/wp\/v2\/types\/post"}],"author":[{"embeddable":true,"href":"https:\/\/linitiative.ca\/International\/wp-json\/wp\/v2\/users\/1965"}],"replies":[{"embeddable":true,"href":"https:\/\/linitiative.ca\/International\/wp-json\/wp\/v2\/comments?post=69872"}],"version-history":[{"count":0,"href":"https:\/\/linitiative.ca\/International\/wp-json\/wp\/v2\/posts\/69872\/revisions"}],"wp:attachment":[{"href":"https:\/\/linitiative.ca\/International\/wp-json\/wp\/v2\/media?parent=69872"}],"wp:term":[{"taxonomy":"category","embeddable":true,"href":"https:\/\/linitiative.ca\/International\/wp-json\/wp\/v2\/categories?post=69872"},{"taxonomy":"post_tag","embeddable":true,"href":"https:\/\/linitiative.ca\/International\/wp-json\/wp\/v2\/tags?post=69872"}],"curies":[{"name":"wp","href":"https:\/\/api.w.org\/{rel}","templated":true}]}}