{"id":69874,"date":"2019-12-10T17:50:03","date_gmt":"2019-12-10T22:50:03","guid":{"rendered":"https:\/\/linitiative.ca\/International\/somalie-les-forces-de-securite-confrontees-a-deux-shebab-dans-un-hotel\/"},"modified":"2019-12-10T17:50:03","modified_gmt":"2019-12-10T22:50:03","slug":"somalie-les-forces-de-securite-confrontees-a-deux-shebab-dans-un-hotel","status":"publish","type":"post","link":"https:\/\/linitiative.ca\/International\/somalie-les-forces-de-securite-confrontees-a-deux-shebab-dans-un-hotel\/","title":{"rendered":"Somalie: les forces de s\u00e9curit\u00e9 confront\u00e9es \u00e0 deux shebab dans un h\u00f4tel"},"content":{"rendered":"<div readability=\"32\">\n<p>Publi\u00e9 le 10.12.2019 \u00e0 23h50 par AFP<\/p>\n<\/div>\n<div readability=\"128\">\n<p>Les forces de s\u00e9curit\u00e9 somaliennes tentaient mardi soir de venir \u00e0 bout de deux membres du groupe islamiste radical shebab retranch\u00e9s dans un h\u00f4tel du centre de Mogadiscio souvent fr\u00e9quent\u00e9 par des d\u00e9put\u00e9s ou responsables militaires.<\/p>\n<p>L\u2019attaque a d\u00e9but\u00e9 aux alentours de 19H00 (16H00 GMT) et tr\u00e8s rapidement, le commando compos\u00e9 de quatre assaillants selon la police a \u00e9t\u00e9 confront\u00e9 aux tirs de membres des forces de s\u00e9curit\u00e9 affect\u00e9s aux check-points voisins menant \u00e0 la pr\u00e9sidence somalienne.<\/p>\n<p>La cheffe adjointe de la police somalienne, Zakia Hussen, a indiqu\u00e9 sur son compte twitter que \u00ab\u00a0les forces de s\u00e9curit\u00e9 avaient secouru 82 personnes, incluant des civils et des officiels\u00a0\u00bb.<\/p>\n<p>Elle a pr\u00e9cis\u00e9 que deux des assaillants avaient \u00e9t\u00e9 abattus et que deux autres \u00e9taient retranch\u00e9s dans l\u2019h\u00f4tel SYL.<\/p>\n<p>Aucune information officielle n\u2019avait filtr\u00e9 sur d\u2019\u00e9ventuelles victimes de l\u2019attaque.<\/p>\n<p>\u00ab\u00a0Les forces de s\u00e9curit\u00e9 affrontent un certain nombre d\u2019assaillants arm\u00e9s retranch\u00e9s dans l\u2019enceinte de l\u2019h\u00f4tel mais tr\u00e8s rapidement, nous finirons le si\u00e8ge\u00a0\u00bb, avait auparavant d\u00e9clar\u00e9 \u00e0 l\u2019AFP Ibrahim Mohamed, un membre des forces de s\u00e9curit\u00e9 d\u00e9ploy\u00e9es sur place.<\/p>\n<p>\u00ab\u00a0Nous ne connaissons pas le nombre exact des assaillants mais j\u2019ai vu les cadavres de deux d\u2019entre eux\u00a0\u00bb, avait-il assur\u00e9.<\/p>\n<p>Dans un communiqu\u00e9 publi\u00e9 sur un site acquis \u00e0 leur cause, les shebab ont revendiqu\u00e9 \u00ab\u00a0avoir men\u00e9 une op\u00e9ration qui s\u2019est d\u00e9roul\u00e9e comme planifi\u00e9e\u00a0\u00bb, sans toutefois donner de pr\u00e9cisions.<\/p>\n<p>Plusieurs t\u00e9moins ont d\u00e9crit \u00e0 l\u2019AFP les sc\u00e8nes de panique au d\u00e9but de l\u2019attaque.<\/p>\n<p>\u00ab\u00a0Trois de mes amis se trouvaient \u00e0 l\u2019int\u00e9rieur de l\u2019h\u00f4tel quand l\u2019attaque a d\u00e9but\u00e9 mais rapidement, ils se sont \u00e9chapp\u00e9s. L\u2019un d\u2019eux souffre d\u2019une fracture apr\u00e8s avoir saut\u00e9 par dessus le mur d\u2019enceinte\u00a0\u00bb, a t\u00e9moign\u00e9 \u00e0 l\u2019AFP Ali Moalim Nur.<\/p>\n<p>\u00ab\u00a0Je me trouvais pr\u00e8s de l\u2019h\u00f4tel quand les coups de feu ont \u00e9clat\u00e9, nous avons r\u00e9ussi \u00e0 faire rapidement demi-tour avec notre v\u00e9hicule\u00a0\u00bb, a pour sa part d\u00e9crit un autre t\u00e9moin, Abdukadir Ahmed.<\/p>\n<p>\u00ab\u00a0Les forces de s\u00e9curit\u00e9 post\u00e9es sur les check-points autour du palais pr\u00e9sidentiel tiraient \u00e0 l\u2019arme lourde mais nous ne savons pas exactement qui se battait contre qui\u00a0\u00bb, a-t-il ajout\u00e9.<\/p>\n<p>Les t\u00e9moins contact\u00e9s par l\u2019AFP ont \u00e9galement rapport\u00e9 que les membres du commando \u00e9taient v\u00eatus d\u2019uniformes de l\u2019arm\u00e9e ou de la police selon les versions, ce qui leur a vraisemblablement permis de s\u2019approcher de l\u2019h\u00f4tel sans \u00e9veiller les soup\u00e7ons des forces de s\u00e9curit\u00e9.<\/p>\n<p>\u2013 Cible r\u00e9currente \u2013<\/p>\n<p>L\u2019h\u00f4tel SYL est situ\u00e9 \u00e0 proximit\u00e9 de l\u2019enceinte ultra-s\u00e9curis\u00e9e de la Villa Somalia, un complexe fortifi\u00e9 abritant la pr\u00e9sidence somalienne et les bureaux du Premier ministre.<\/p>\n<p>C\u2019est la quatri\u00e8me fois depuis 2015 qu\u2019il est vis\u00e9 par une attaque revendiqu\u00e9e par les shebab.<\/p>\n<p>En janvier 2015, une premi\u00e8re attaque avait fait cinq victimes somaliennes alors que l\u2019h\u00f4tel abritait les membres de la d\u00e9l\u00e9gation turque pr\u00e9parant une visite \u00e0 Mogadiscio du pr\u00e9sident Recep Tayyip Erdogan.<\/p>\n<p>L\u2019\u00e9tablissement avait une nouvelle fois \u00e9t\u00e9 vis\u00e9 le 26 f\u00e9vrier 2016 par un attentat qui avait fait 14 victimes. Un camion et un autre v\u00e9hicule pi\u00e9g\u00e9s avaient alors explos\u00e9 \u00e0 quelques minutes d\u2019intervalle \u00e0 proximit\u00e9 de l\u2019h\u00f4tel et d\u2019un jardin public attenant tr\u00e8s pris\u00e9 des habitants de la ville, le Peace Garden.<\/p>\n<p>Fin ao\u00fbt 2016, un attentat \u00e0 la voiture pi\u00e9g\u00e9e avait partiellement d\u00e9truit l\u2019\u00e9tablissement et fait 15 morts.<\/p>\n<p>Les shebab, qui ont pr\u00eat\u00e9 all\u00e9geance \u00e0 Al-Qa\u00efda, ont jur\u00e9 la perte du gouvernement somalien. Confront\u00e9s \u00e0 la puissance de feu sup\u00e9rieure de la force de l\u2019Union africaine en Somalie (Amisom), d\u00e9ploy\u00e9e en 2007 en Somalie, ils ont \u00e9t\u00e9 chass\u00e9s de Mogadiscio en ao\u00fbt 2011.<\/p>\n<p>Ils ont ensuite perdu l\u2019essentiel de leurs bastions mais ils contr\u00f4lent toujours de vastes zones rurales d\u2019o\u00f9 ils m\u00e8nent des op\u00e9rations de gu\u00e9rilla et des attentats-suicides, prenant r\u00e9guli\u00e8rement pour cible les h\u00f4tels et les restaurants les plus en vue de Mogadiscio.<\/p>\n<\/div>\n<p>Auteur: AFP<br \/>\n<a href=\"https:\/\/www.journalducameroun.com\/somalie-les-forces-de-securite-confrontees-a-deux-shebab-dans-un-hotel\/\">Cliquez ici pour lire l&rsquo;article depuis sa source.<\/a><\/p>\n","protected":false},"excerpt":{"rendered":"<p>Publi\u00e9 le 10.12.2019 \u00e0 23h50 par AFP Les forces de s\u00e9curit\u00e9 somaliennes tentaient mardi soir de venir \u00e0 bout de deux membres du groupe islamiste radical shebab retranch\u00e9s dans un h\u00f4tel du centre de Mogadiscio souvent fr\u00e9quent\u00e9 par des d\u00e9put\u00e9s ou responsables militaires. L\u2019attaque a d\u00e9but\u00e9 aux alentours de 19H00 (16H00 GMT) et tr\u00e8s rapidement, [&hellip;]<\/p>\n","protected":false},"author":1965,"featured_media":0,"comment_status":"closed","ping_status":"closed","sticky":false,"template":"","format":"standard","meta":{"fifu_image_url":"","fifu_image_alt":"","footnotes":""},"categories":[73,82],"tags":[],"class_list":["post-69874","post","type-post","status-publish","format-standard","hentry","category-actualite","category-cameroun"],"_links":{"self":[{"href":"https:\/\/linitiative.ca\/International\/wp-json\/wp\/v2\/posts\/69874","targetHints":{"allow":["GET"]}}],"collection":[{"href":"https:\/\/linitiative.ca\/International\/wp-json\/wp\/v2\/posts"}],"about":[{"href":"https:\/\/linitiative.ca\/International\/wp-json\/wp\/v2\/types\/post"}],"author":[{"embeddable":true,"href":"https:\/\/linitiative.ca\/International\/wp-json\/wp\/v2\/users\/1965"}],"replies":[{"embeddable":true,"href":"https:\/\/linitiative.ca\/International\/wp-json\/wp\/v2\/comments?post=69874"}],"version-history":[{"count":0,"href":"https:\/\/linitiative.ca\/International\/wp-json\/wp\/v2\/posts\/69874\/revisions"}],"wp:attachment":[{"href":"https:\/\/linitiative.ca\/International\/wp-json\/wp\/v2\/media?parent=69874"}],"wp:term":[{"taxonomy":"category","embeddable":true,"href":"https:\/\/linitiative.ca\/International\/wp-json\/wp\/v2\/categories?post=69874"},{"taxonomy":"post_tag","embeddable":true,"href":"https:\/\/linitiative.ca\/International\/wp-json\/wp\/v2\/tags?post=69874"}],"curies":[{"name":"wp","href":"https:\/\/api.w.org\/{rel}","templated":true}]}}