{"id":69881,"date":"2019-12-10T15:25:00","date_gmt":"2019-12-10T20:25:00","guid":{"rendered":"https:\/\/linitiative.ca\/International\/les-centrales-thermiques-coutent-52-milliards-fcfa-a-letat-par-an\/"},"modified":"2019-12-10T15:25:00","modified_gmt":"2019-12-10T20:25:00","slug":"les-centrales-thermiques-coutent-52-milliards-fcfa-a-letat-par-an","status":"publish","type":"post","link":"https:\/\/linitiative.ca\/International\/les-centrales-thermiques-coutent-52-milliards-fcfa-a-letat-par-an\/","title":{"rendered":"Les centrales thermiques co\u00fbtent 52 milliards Fcfa \u00e0 l\u2019Etat par an"},"content":{"rendered":"<div class=\"featured-area featured-area-inner\"><img loading=\"lazy\" decoding=\"async\" width=\"700\" height=\"405\" src=\"https:\/\/ecomatin.net\/wp-content\/uploads\/2019\/12\/Centrale_Oyomabang261017700-700x405.jpg\" class=\"attachment-jannah-image-post size-jannah-image-post wp-post-image\" alt=\"\"\/><\/div>\n<div class=\"entry-content entry clearfix\" readability=\"68\">\n<p>Selon le ministre de l\u2019Eau et de l\u2019Energie, qui \u00e9tait en visite sur le site de construction du barrage hydro\u00e9lectrique de Nachtigal \u00e0 Batchenga (r\u00e9gion du Centre), hier mardi, a r\u00e9v\u00e9l\u00e9 qu\u2019en d\u00e9pit de la mise sous tension des barrages hydro\u00e9lectriques de Memve\u2019ele et Mekin dans le Sud, il y a environ six mois, qui a permis d\u2019injecter environ <strong>85 Mw<\/strong> d\u2019\u00e9lectricit\u00e9 suppl\u00e9mentaire dans le R\u00e9seau Interconnect\u00e9 Sud <strong>(RIS<\/strong>), l\u2019Etat continue de d\u00e9penser <strong>1 milliard Fcfa<\/strong> en carburant chaque semaine pour faire fonctionner les centrales thermiques. Sur une ann\u00e9e, cela co\u00fbte <strong>52 milliards Fcfa<\/strong>, sans compter les co\u00fbts li\u00e9s \u00e0 la maintenance desdits ouvrages. En <strong>10 ans<\/strong>, cela fait au moins <strong>520 milliards Fcfa<\/strong> de d\u00e9penses de fonctionnement. Dans un contexte de raret\u00e9 des ressources financi\u00e8res qui se manifeste, notamment, par une dette astronomique due par l\u2019Etat aux fournisseurs de carburants, sans compter les perturbations que cela induit sur la fourniture de l\u2019\u00e9nergie aux populations, l\u2019option des centrales thermiques est de plus en plus remise en question.<\/p>\n<p>Car, <strong>52 milliards Fcfa<\/strong> de d\u00e9penses de fonctionnement pour les centrales thermiques par an, \u00e7a repr\u00e9sente pratiquement le double du co\u00fbt de construction d\u2019un barrage hydro\u00e9lectrique de la taille de Mekin, d\u2019une puissance install\u00e9e de <strong>15 Mw<\/strong>. La r\u00e9gion de l\u2019Est ou du moins les principales villes que sont Bertoua, Batouri, Abong-Mbang, Belabo et leurs environs, sont desservis par une centrale thermique d\u2019une puissance install\u00e9e de <strong>16 Mw<\/strong> et qui consomme <strong>40 mille m3<\/strong> de gasoil par jour. Un investissement de <strong>25,7 milliards Fcfa<\/strong>, qui repr\u00e9sente en effet le co\u00fbt de construction de la centrale hydro\u00e9lectrique de Mekin, aurait d\u00e9finitivement stabilis\u00e9 le r\u00e9seau \u00e9lectrique dans ces localit\u00e9s et permis \u00e0 l\u2019Etat de faire d\u2019importants b\u00e9n\u00e9fices. Outre l\u2019option du solaire qui est envisag\u00e9e dans une r\u00e9gion qui n\u2019entend pas rester en marge du d\u00e9veloppement et qui abrite de plus en plus d\u2019entreprises sur son sol, il serait bon pour l\u2019Etat de capitaliser sur l\u2019hydro\u00e9lectricit\u00e9 dans cette partie du pays qui regorge de fleuves et de rivi\u00e8res.<\/p>\n<p>Un grand pas a \u00e9t\u00e9 fait il y a quelques mois avec le lancement de l\u2019usine de pied du barrage de retenue d\u2019eau de Lom Pangar, qui produira d\u2019ici deux ans <strong>30 Mw<\/strong> d\u2019\u00e9lectricit\u00e9.<\/p>\n<\/div>\n<div class=\"toggle-post-content clearfix\"><a id=\"toggle-post-button\" class=\"button\" href=\"#\">Afficher plus <\/a><\/div>\n<p>Auteur: Francky<br \/>\n<a href=\"https:\/\/ecomatin.net\/les-centrales-thermiques-coutent-52-milliards-fcfa-a-letat-par-an\/\">Cliquez ici pour lire l&rsquo;article depuis sa source.<\/a><\/p>\n","protected":false},"excerpt":{"rendered":"<p>Selon le ministre de l\u2019Eau et de l\u2019Energie, qui \u00e9tait en visite sur le site de construction du barrage hydro\u00e9lectrique de Nachtigal \u00e0 Batchenga (r\u00e9gion du Centre), hier mardi, a r\u00e9v\u00e9l\u00e9 qu\u2019en d\u00e9pit de la mise sous tension des barrages hydro\u00e9lectriques de Memve\u2019ele et Mekin dans le Sud, il y a environ six mois, qui [&hellip;]<\/p>\n","protected":false},"author":1969,"featured_media":69882,"comment_status":"closed","ping_status":"closed","sticky":false,"template":"","format":"standard","meta":{"fifu_image_url":"","fifu_image_alt":"","footnotes":""},"categories":[82,78],"tags":[],"class_list":["post-69881","post","type-post","status-publish","format-standard","has-post-thumbnail","hentry","category-cameroun","category-economie"],"_links":{"self":[{"href":"https:\/\/linitiative.ca\/International\/wp-json\/wp\/v2\/posts\/69881","targetHints":{"allow":["GET"]}}],"collection":[{"href":"https:\/\/linitiative.ca\/International\/wp-json\/wp\/v2\/posts"}],"about":[{"href":"https:\/\/linitiative.ca\/International\/wp-json\/wp\/v2\/types\/post"}],"author":[{"embeddable":true,"href":"https:\/\/linitiative.ca\/International\/wp-json\/wp\/v2\/users\/1969"}],"replies":[{"embeddable":true,"href":"https:\/\/linitiative.ca\/International\/wp-json\/wp\/v2\/comments?post=69881"}],"version-history":[{"count":0,"href":"https:\/\/linitiative.ca\/International\/wp-json\/wp\/v2\/posts\/69881\/revisions"}],"wp:featuredmedia":[{"embeddable":true,"href":"https:\/\/linitiative.ca\/International\/wp-json\/"}],"wp:attachment":[{"href":"https:\/\/linitiative.ca\/International\/wp-json\/wp\/v2\/media?parent=69881"}],"wp:term":[{"taxonomy":"category","embeddable":true,"href":"https:\/\/linitiative.ca\/International\/wp-json\/wp\/v2\/categories?post=69881"},{"taxonomy":"post_tag","embeddable":true,"href":"https:\/\/linitiative.ca\/International\/wp-json\/wp\/v2\/tags?post=69881"}],"curies":[{"name":"wp","href":"https:\/\/api.w.org\/{rel}","templated":true}]}}