{"id":69884,"date":"2019-12-11T07:59:01","date_gmt":"2019-12-11T12:59:01","guid":{"rendered":"https:\/\/linitiative.ca\/International\/azemmour-une-jeune-fille-se-donne-la-mort-par-du-poison\/"},"modified":"2019-12-11T07:59:01","modified_gmt":"2019-12-11T12:59:01","slug":"azemmour-une-jeune-fille-se-donne-la-mort-par-du-poison","status":"publish","type":"post","link":"https:\/\/linitiative.ca\/International\/azemmour-une-jeune-fille-se-donne-la-mort-par-du-poison\/","title":{"rendered":"Azemmour : Une jeune fille se donne la mort par du poison"},"content":{"rendered":"<header readability=\"1.15384615385\">\n<\/header>\n<div class=\"entry-content clearfix\" readability=\"54\"><img decoding=\"async\" class=\"post_layout_5_img\" src=\"http:\/\/aujourdhui.ma\/wp-content\/uploads\/2019\/12\/suicide.jpg?x29840\" alt=\"Azemmour : Une jeune fille se donne la mort par du poison\"\/><\/p>\n<p class=\"p1\"><span class=\"s1\"><span class=\"c4\"><strong>A Azemmour, une jeune fille de vingt-quatre ans a mis un terme \u00e0 sa vie, samedi dernier, en ingurgitant un poison, du raticide semble-t-il.<\/strong><\/span><\/span> <span id=\"more-326294\"\/><\/p>\n<p class=\"p1\"><span class=\"s1\">La jeune fille \u00e9tait employ\u00e9e dans un cabinet m\u00e9dical situ\u00e9 \u00e0 Azemmour. On ne sait pas pour le moment le mobile de cet acte, la d\u00e9funte n\u2019ayant rien confi\u00e9 \u00e0 quiconque. Elle n\u2019a pas non plus laiss\u00e9 de lettre, d\u2019un enregistrement ou autre.<\/span><\/p>\n<p class=\"p1\"><span class=\"s1\">Elle \u00e9tait sans connaissance quand elle a \u00e9t\u00e9 retrouv\u00e9e, chez elle, par les membres de sa famille. Aussit\u00f4t, elle a \u00e9t\u00e9 \u00e9vacu\u00e9e vers le service des urgences de l\u2019h\u00f4pital d\u2019Azemmour. Son \u00e9tat de sant\u00e9 jug\u00e9 tr\u00e8s compliqu\u00e9 ne lui permettait pas d\u2019\u00eatre transf\u00e9r\u00e9e vers l\u2019h\u00f4pital provincial d\u2019El Jadida. Elle ne tardera pas \u00e0 rendre l\u2019\u00e2me quelques minutes apr\u00e8s.<\/span><\/p>\n<p class=\"p1\"><span class=\"s1\">Le procureur du Roi pr\u00e8s le tribunal de premi\u00e8re instance a donn\u00e9 ses instructions pour diligenter une enqu\u00eate afin de d\u00e9terminer les tenants et les aboutissants de cet acte de suicide.\u00a0<\/span><\/p>\n<\/div>\n<p>Auteur: Abderrafii ALOUMLIKI<br \/>\n<a href=\"http:\/\/aujourdhui.ma\/faits-divers\/azemmour-une-jeune-fille-se-donne-la-mort-par-du-poison\">Cliquez ici pour lire l&rsquo;article depuis sa source.<\/a><\/p>\n","protected":false},"excerpt":{"rendered":"<p>A Azemmour, une jeune fille de vingt-quatre ans a mis un terme \u00e0 sa vie, samedi dernier, en ingurgitant un poison, du raticide semble-t-il. La jeune fille \u00e9tait employ\u00e9e dans un cabinet m\u00e9dical situ\u00e9 \u00e0 Azemmour. On ne sait pas pour le moment le mobile de cet acte, la d\u00e9funte n\u2019ayant rien confi\u00e9 \u00e0 quiconque. [&hellip;]<\/p>\n","protected":false},"author":1759,"featured_media":0,"comment_status":"closed","ping_status":"closed","sticky":false,"template":"","format":"standard","meta":{"fifu_image_url":"","fifu_image_alt":"","footnotes":""},"categories":[73,54],"tags":[],"class_list":["post-69884","post","type-post","status-publish","format-standard","hentry","category-actualite","category-maroc"],"_links":{"self":[{"href":"https:\/\/linitiative.ca\/International\/wp-json\/wp\/v2\/posts\/69884","targetHints":{"allow":["GET"]}}],"collection":[{"href":"https:\/\/linitiative.ca\/International\/wp-json\/wp\/v2\/posts"}],"about":[{"href":"https:\/\/linitiative.ca\/International\/wp-json\/wp\/v2\/types\/post"}],"author":[{"embeddable":true,"href":"https:\/\/linitiative.ca\/International\/wp-json\/wp\/v2\/users\/1759"}],"replies":[{"embeddable":true,"href":"https:\/\/linitiative.ca\/International\/wp-json\/wp\/v2\/comments?post=69884"}],"version-history":[{"count":0,"href":"https:\/\/linitiative.ca\/International\/wp-json\/wp\/v2\/posts\/69884\/revisions"}],"wp:attachment":[{"href":"https:\/\/linitiative.ca\/International\/wp-json\/wp\/v2\/media?parent=69884"}],"wp:term":[{"taxonomy":"category","embeddable":true,"href":"https:\/\/linitiative.ca\/International\/wp-json\/wp\/v2\/categories?post=69884"},{"taxonomy":"post_tag","embeddable":true,"href":"https:\/\/linitiative.ca\/International\/wp-json\/wp\/v2\/tags?post=69884"}],"curies":[{"name":"wp","href":"https:\/\/api.w.org\/{rel}","templated":true}]}}