{"id":69887,"date":"2019-12-11T09:55:09","date_gmt":"2019-12-11T14:55:09","guid":{"rendered":"https:\/\/linitiative.ca\/International\/marche-de-lautomobile-les-ventes-de-voitures-neuves-en-baisse-de-34-au-mois-de-novembre\/"},"modified":"2019-12-11T09:55:09","modified_gmt":"2019-12-11T14:55:09","slug":"marche-de-lautomobile-les-ventes-de-voitures-neuves-en-baisse-de-34-au-mois-de-novembre","status":"publish","type":"post","link":"https:\/\/linitiative.ca\/International\/marche-de-lautomobile-les-ventes-de-voitures-neuves-en-baisse-de-34-au-mois-de-novembre\/","title":{"rendered":"March\u00e9 de l\u2019automobile : Les ventes de voitures neuves en baisse  de 3,4% au mois de novembre"},"content":{"rendered":"<p><img decoding=\"async\" class=\"post_layout_5_img\" src=\"http:\/\/aujourdhui.ma\/wp-content\/uploads\/2019\/12\/Vente-Voiture-Marche%CC%81-Automobiles.jpg?x29840\" alt=\"March\u00e9 de l\u2019automobile : Les ventes de voitures neuves en baisse de 3,4% au mois de novembre\"\/><\/p>\n<p class=\"p1\"><span class=\"c4\"><strong><span class=\"s1\"><em>Le segment des v\u00e9hicules utilitaires l\u00e9gers (VUL) est en forme avec une croissance remarqu\u00e9e (+29,98%). 1.500 VUL ont \u00e9t\u00e9 vendus par les diff\u00e9rents concessionnaires contre 1.154 \u00e0 la m\u00eame p\u00e9riode de l\u2019ann\u00e9e pr\u00e9c\u00e9dente.<\/em><\/span><\/strong><\/span><span id=\"more-326407\"\/><\/p>\n<p class=\"p1\"><span class=\"s1\">A un mois de la fin de l\u2019ann\u00e9e, le march\u00e9 des ventes des voitures neuves est en baisse. Se r\u00e9f\u00e9rant aux derniers chiffres publi\u00e9s par l\u2019Association des importateurs de v\u00e9hicules au Maroc (Aivam), les ventes de voitures neuves ont enregistr\u00e9 un recul de -3,4% en novembre compar\u00e9 \u00e0 la m\u00eame p\u00e9riode de l\u2019ann\u00e9e derni\u00e8re. Ainsi, 13.309 unit\u00e9s ont \u00e9t\u00e9 \u00e9coul\u00e9es contre 13.778 en 2018. Dans le d\u00e9tail, le segment des v\u00e9hicules utilitaires l\u00e9gers (VUL) est en forme avec une croissance remarqu\u00e9e (+29,98%). 1.500 VUL ont \u00e9t\u00e9 vendus par les diff\u00e9rents concessionnaires contre 1.154 \u00e0 la m\u00eame p\u00e9riode de l\u2019ann\u00e9e pr\u00e9c\u00e9dente. Du c\u00f4t\u00e9 des v\u00e9hicules particuliers (VP), il ressort une baisse significative puisque 11.809 voitures particuli\u00e8res ont \u00e9t\u00e9 \u00e9coul\u00e9es le mois pr\u00e9c\u00e9dent, contre 12.624 en novembre 2018 (-6,46%).<\/span><\/p>\n<p class=\"p1\"><span class=\"s1\">Au cumul, les ventes enregistr\u00e9es depuis le d\u00e9but d\u2019ann\u00e9e jusqu\u2019\u00e0 fin novembre s\u2019arr\u00eatent \u00e0 143.993. Compar\u00e9 \u00e0 la m\u00eame p\u00e9riode de l\u2019ann\u00e9e pass\u00e9e, les ventes se portaient mieux avec la commercialisation de 154.811 v\u00e9hicules. Entre les deux p\u00e9riodes, la baisse des ventes atteint -6,99%. Au total, les v\u00e9hicules particuliers (VP) ont enregistr\u00e9 un repli de -9,83%. En nombre de ventes, 128.023 unit\u00e9s ont \u00e9t\u00e9 \u00e9coul\u00e9es sur ce segment durant les 11 premiers mois de l\u2019ann\u00e9e 2019 contre 141.985 en 2018. Quant aux VUL, 15.970 immatriculations ont \u00e9t\u00e9 enregistr\u00e9es sur les 11 mois de l\u2019ann\u00e9e 2019 contre 12.826 sur la m\u00eame p\u00e9riode de l\u2019ann\u00e9e pass\u00e9e marquant une croissance de 24,51%.<\/span><\/p>\n<p class=\"p3\"><strong>Dacia toujours en haut\u00a0<\/strong><strong>du podium<\/strong><\/p>\n<p class=\"p1\">Par marque, Dacia confirme son positionnement en arrivant \u00e0 la premi\u00e8re place des VP. La marque a vendu 38.639 voitures \u00e0 fin novembre 2019 (avec une part de march\u00e9 de 30,8%). En revanche, elle enregistre une diminution de 9,48%. En deuxi\u00e8me place, la marque fran\u00e7aise Renault a \u00e9coul\u00e9 18.637 unit\u00e9s (avec une part de march\u00e9 de 14,56%).<\/p>\n<p class=\"p1\">Elle enregistre toutefois un recul 6,16% sur ses ventes. Peugeot est pour sa part troisi\u00e8me avec 9.314 VP \u00e9coul\u00e9s durant les 11 premiers mois de l\u2019ann\u00e9e, soit une hausse de 1,76%. La marque r\u00e9alise une part de march\u00e9 de 7,28%. En quatri\u00e8me place, on retrouve la marque cor\u00e9enne Hyundai qui a cumul\u00e9 8.885 immatriculations sur la m\u00eame p\u00e9riode enregistrant une quasi-stagnation de ses ventes (-0,2%). Elle est suivie de Volkswagen qui se classe \u00e0 la cinqui\u00e8me place avec 8.197 voitures, comptabilisant un recul de 20,69%.<\/p>\n<p class=\"p3\"><span class=\"s1\"><strong>Les voitures de luxe en petite forme<\/strong><\/span><\/p>\n<p class=\"p1\"><span class=\"s2\">Le segment du luxe affiche un repli au niveau des trois marques qui forment le trio de t\u00eate.<span class=\"Apple-converted-space\">\u00a0<\/span> La marque allemande Mercedes arrive en premi\u00e8re place apr\u00e8s avoir \u00e9coul\u00e9 2.360 v\u00e9hicules depuis le d\u00e9but de l\u2019ann\u00e9e, soit une diminution de 10,5%. Elle est suivie de sa cons\u0153ur BMW qui a vendu 2.253 unit\u00e9s, soit une baisse de 6,2%. En troisi\u00e8me place figure la marque Audi qui a \u00e9coul\u00e9 1.792 voitures, soit une baisse de 18,58%.<\/span><\/p>\n<p>Auteur: Ouchagour Leila<br \/>\n<a href=\"http:\/\/aujourdhui.ma\/automobile\/marche-de-lautomobile-les-ventes-de-voitures-neuves-en-baisse-de-34-au-mois-de-novembre\">Cliquez ici pour lire l&rsquo;article depuis sa source.<\/a><\/p>\n","protected":false},"excerpt":{"rendered":"<p>Le segment des v\u00e9hicules utilitaires l\u00e9gers (VUL) est en forme avec une croissance remarqu\u00e9e (+29,98%). 1.500 VUL ont \u00e9t\u00e9 vendus par les diff\u00e9rents concessionnaires contre 1.154 \u00e0 la m\u00eame p\u00e9riode de l\u2019ann\u00e9e pr\u00e9c\u00e9dente. A un mois de la fin de l\u2019ann\u00e9e, le march\u00e9 des ventes des voitures neuves est en baisse. Se r\u00e9f\u00e9rant aux derniers [&hellip;]<\/p>\n","protected":false},"author":1759,"featured_media":0,"comment_status":"closed","ping_status":"closed","sticky":false,"template":"","format":"standard","meta":{"fifu_image_url":"","fifu_image_alt":"","footnotes":""},"categories":[73,54],"tags":[],"class_list":["post-69887","post","type-post","status-publish","format-standard","hentry","category-actualite","category-maroc"],"_links":{"self":[{"href":"https:\/\/linitiative.ca\/International\/wp-json\/wp\/v2\/posts\/69887","targetHints":{"allow":["GET"]}}],"collection":[{"href":"https:\/\/linitiative.ca\/International\/wp-json\/wp\/v2\/posts"}],"about":[{"href":"https:\/\/linitiative.ca\/International\/wp-json\/wp\/v2\/types\/post"}],"author":[{"embeddable":true,"href":"https:\/\/linitiative.ca\/International\/wp-json\/wp\/v2\/users\/1759"}],"replies":[{"embeddable":true,"href":"https:\/\/linitiative.ca\/International\/wp-json\/wp\/v2\/comments?post=69887"}],"version-history":[{"count":0,"href":"https:\/\/linitiative.ca\/International\/wp-json\/wp\/v2\/posts\/69887\/revisions"}],"wp:attachment":[{"href":"https:\/\/linitiative.ca\/International\/wp-json\/wp\/v2\/media?parent=69887"}],"wp:term":[{"taxonomy":"category","embeddable":true,"href":"https:\/\/linitiative.ca\/International\/wp-json\/wp\/v2\/categories?post=69887"},{"taxonomy":"post_tag","embeddable":true,"href":"https:\/\/linitiative.ca\/International\/wp-json\/wp\/v2\/tags?post=69887"}],"curies":[{"name":"wp","href":"https:\/\/api.w.org\/{rel}","templated":true}]}}