{"id":69889,"date":"2019-12-11T06:00:47","date_gmt":"2019-12-11T11:00:47","guid":{"rendered":"https:\/\/linitiative.ca\/International\/agadir-une-ceremonie-voluptueuse\/"},"modified":"2019-12-11T06:00:47","modified_gmt":"2019-12-11T11:00:47","slug":"agadir-une-ceremonie-voluptueuse","status":"publish","type":"post","link":"https:\/\/linitiative.ca\/International\/agadir-une-ceremonie-voluptueuse\/","title":{"rendered":"Agadir: Une c\u00e9r\u00e9monie voluptueuse!"},"content":{"rendered":"<p class=\"has-text-color has-vivid-cyan-blue-color\"><strong>C\u2019est dans la liesse et l\u2019all\u00e9gresse que s\u2019est ouverte, lundi dernier, la seizi\u00e8me \u00e9dition du festival international Cin\u00e9ma et Migrations d\u2019Agadir.<\/strong><\/p>\n<div class=\"wp-block-image\"><img loading=\"lazy\" decoding=\"async\" src=\"http:\/\/albayane.press.ma\/wp-content\/uploads\/Ouverture-1-2-1.jpg\" alt=\"\" class=\"wp-image-83544\" width=\"569\" height=\"342\"\/><\/div>\n<p>Un contingent hilare d\u2019artistes de tous les horizons, en compagnie d\u2019un public enivrant, prend d\u2019assaut l\u2019enceinte du cin\u00e9ma Rialto, amoureusement pavois\u00e9 pour cette f\u00eate annuelle. Aicha et Mountassir, les deux ravissants pr\u00e9sentateurs, tout feu, tout flamme, montent sur sc\u00e8ne et d\u00e9filent, dans les trois langues Arabe, Amazigh et Fran\u00e7ais, les ingr\u00e9dients de cette soir\u00e9e d\u2019ouverture \u00e0 laquelle prennent part le Wali de la r\u00e9gion Souss Massa, le Secr\u00e9taire G\u00e9n\u00e9ral du Conseil de la Communaut\u00e9 Marocaine \u00e0 l\u2019Etranger (CCME), le pr\u00e9sident r\u00e9gional et de nombre de personnalit\u00e9s administratifs et repr\u00e9sentatifs.<\/p>\n<p>De prime abord, le grand \u00e9cran d\u00e9voile, dans l\u2019\u00e9motion et la pi\u00e9t\u00e9, une s\u00e9rie de figures du cin\u00e9ma qui ne sont plus de ce monde, frapp\u00e9s du sceau du souvenir reconnaissant \u00e0 jamais. Driss Moubarik, le pr\u00e9sident de l\u2019association l\u2019Initiative culturelle, l\u2019organisatrice du festival, prend possession du pupitre pour \u00e9mettre des propos de bienvenue aux festivaliers, mais \u00e9galement de verbe \u00e9pris de d\u00e9solation pour la fermeture chronique de b\u00e2tisses de cin\u00e9ma, dans une m\u00e9tropole mordue du septi\u00e8me art. Puis, survint un moment de haute charge path\u00e9tique, \u00e0 l\u2019adresse de la toute gracieuse Asmaa Khamlichi, pour un hommage solennel, empreint d\u2019affection en direction de cette artiste longiligne et p\u00e9tillante.<\/p>\n<p>Karim Saidi, le rebelle cin\u00e9aste franco-alg\u00e9rien eut droit aussi un geste \u00e9logieux du festival qui, par le biais des pr\u00e9sentateurs, fait d\u00e9couvrir le talent et le raffinement de la prestation de ce terrible enfant du cin\u00e9ma, au bord des larmes par cet \u00e9gard cordial du festival.<\/p>\n<p>Apr\u00e8s quoi, les jurys des deux cat\u00e9gories long et court m\u00e9trage, en comp\u00e9tition officielle, furent, tour \u00e0 tour,pr\u00e9sent\u00e9s, sous les acclamations nourries du public. De m\u00eame, des extraits de films ont \u00e9t\u00e9 d\u00e9bit\u00e9s, pour attiser la curiosit\u00e9 aussi bien des cin\u00e9philes que les profanes, durant la p\u00e9riode du festival. Enfin, cet instant c\u00e9r\u00e9monial fut ponctu\u00e9 par la projection d\u2019un court m\u00e9trage, sign\u00e9 Mustapha Madmoune et interpr\u00e9t\u00e9 par une flop\u00e9e de jeunes locaux.<\/p>\n<p>Une tradition qui, par sa symbolique et surtout sa spontan\u00e9it\u00e9, ne manquait pas de r\u00e9chauffer le c\u0153ur, \u00e0 chaque manche du festival. C\u2019est ainsi donc que prend fin ce moment convivial qui annonce le d\u00e9roul\u00e9 de cette sixi\u00e8me \u00e9dition, en grande pompe, de par la qualit\u00e9 des films au programme, mais aussi la diversit\u00e9 du menu propos\u00e9, tout au long de ce s\u00e9jour o\u00f9 le partage et l\u2019\u00e9change seront de mise.<\/p>\n<p>Ce coup d\u2019envoi si savamment orchestr\u00e9, de bout en bout, ne serait, sans nul doute, que le pr\u00e9ambule d\u2019une semaine de rencontre euphorique. Le son et l\u2019image qui meubleront la vie de cette ville, longtemps priv\u00e9e de ce plaisir, mettront encore la pression sur les d\u00e9cideurs du public et du priv\u00e9, afin de les inciter \u00e0 doter la ville d\u2019un cin\u00e9ma, a m\u00eame de combler ce besoin de vie. Ne dit-on pas : \u00abQui aime la vie, va au cin\u00e9ma !\u00bb. Le festival d\u2019Agadir incarne bien ce dicton et rappelle que l\u2019essor de la destination baln\u00e9aire n\u2019est pas uniquement le b\u00e9ton de l\u2019\u00e9conomie de march\u00e9, mais aussi l\u2019espace de la d\u00e9lectation de l\u2019\u00e2me dont le cin\u00e9ma constitue un satisfecit des sens et de l\u2019esprit.<\/p>\n<p class=\"c2\"><strong>Saoudi El Amalki<\/strong><\/p>\n<p>Auteur: M&rsquo;hammed rahal<br \/>\n<a href=\"http:\/\/albayane.press.ma\/agadir-une-ceremonie-voluptueuse.html\">Cliquez ici pour lire l&rsquo;article depuis sa source.<\/a><\/p>\n","protected":false},"excerpt":{"rendered":"<p>C\u2019est dans la liesse et l\u2019all\u00e9gresse que s\u2019est ouverte, lundi dernier, la seizi\u00e8me \u00e9dition du festival international Cin\u00e9ma et Migrations d\u2019Agadir. Un contingent hilare d\u2019artistes de tous les horizons, en compagnie d\u2019un public enivrant, prend d\u2019assaut l\u2019enceinte du cin\u00e9ma Rialto, amoureusement pavois\u00e9 pour cette f\u00eate annuelle. Aicha et Mountassir, les deux ravissants pr\u00e9sentateurs, tout feu, [&hellip;]<\/p>\n","protected":false},"author":1760,"featured_media":69890,"comment_status":"closed","ping_status":"closed","sticky":false,"template":"","format":"standard","meta":{"fifu_image_url":"","fifu_image_alt":"","footnotes":""},"categories":[73,54],"tags":[],"class_list":["post-69889","post","type-post","status-publish","format-standard","has-post-thumbnail","hentry","category-actualite","category-maroc"],"_links":{"self":[{"href":"https:\/\/linitiative.ca\/International\/wp-json\/wp\/v2\/posts\/69889","targetHints":{"allow":["GET"]}}],"collection":[{"href":"https:\/\/linitiative.ca\/International\/wp-json\/wp\/v2\/posts"}],"about":[{"href":"https:\/\/linitiative.ca\/International\/wp-json\/wp\/v2\/types\/post"}],"author":[{"embeddable":true,"href":"https:\/\/linitiative.ca\/International\/wp-json\/wp\/v2\/users\/1760"}],"replies":[{"embeddable":true,"href":"https:\/\/linitiative.ca\/International\/wp-json\/wp\/v2\/comments?post=69889"}],"version-history":[{"count":0,"href":"https:\/\/linitiative.ca\/International\/wp-json\/wp\/v2\/posts\/69889\/revisions"}],"wp:featuredmedia":[{"embeddable":true,"href":"https:\/\/linitiative.ca\/International\/wp-json\/"}],"wp:attachment":[{"href":"https:\/\/linitiative.ca\/International\/wp-json\/wp\/v2\/media?parent=69889"}],"wp:term":[{"taxonomy":"category","embeddable":true,"href":"https:\/\/linitiative.ca\/International\/wp-json\/wp\/v2\/categories?post=69889"},{"taxonomy":"post_tag","embeddable":true,"href":"https:\/\/linitiative.ca\/International\/wp-json\/wp\/v2\/tags?post=69889"}],"curies":[{"name":"wp","href":"https:\/\/api.w.org\/{rel}","templated":true}]}}