{"id":69892,"date":"2019-12-11T06:17:22","date_gmt":"2019-12-11T11:17:22","guid":{"rendered":"https:\/\/linitiative.ca\/International\/benmoussa-devoile-sa-methodologie-et-son-agenda\/"},"modified":"2019-12-11T06:17:22","modified_gmt":"2019-12-11T11:17:22","slug":"benmoussa-devoile-sa-methodologie-et-son-agenda","status":"publish","type":"post","link":"https:\/\/linitiative.ca\/International\/benmoussa-devoile-sa-methodologie-et-son-agenda\/","title":{"rendered":"Benmoussa d\u00e9voile sa m\u00e9thodologie et son agenda"},"content":{"rendered":"<p class=\"has-text-color has-vivid-cyan-blue-color\"><strong>Le pr\u00e9sident de la commission sp\u00e9ciale de r\u00e9forme du mod\u00e8le de d\u00e9veloppement, r\u00e9cemment nomm\u00e9 par SM le Roi, a choisi un parterre de journalistes restreint appartenant \u00e0 la presse \u00e9crite et digitale, pour faire sa premi\u00e8re sortie m\u00e9diatique.<\/strong><\/p>\n<p>Dimanche apr\u00e8s-midi, \u00e0 son domicile, Chakib Benmoussa a communiqu\u00e9 sur sa strat\u00e9gie de travail \u00e0 la t\u00eate de cette commission, dont la composition sera connue, prochainement, par des nominations royales, sachant qu\u2019il s\u2019est fix\u00e9 comme deadline le mois de juin 2020 pour remettre le rendu au Souverain.<\/p>\n<p>Durant pr\u00e8s de trois heures, il a d\u00e9voil\u00e9 ses intentions et sa conception du travail \u00e0 accomplir pour r\u00e9ussir sa mission.<\/p>\n<p>Globalement, il a insist\u00e9 sur le diagnostic existant, plus particuli\u00e8rement les chantiers en cours qui r\u00e9ussissent mais aussi sur les faiblesses reconnues, sans pour autant s\u2019y \u00e9tendre, pour pr\u00e9coniser une action \u00e0 long terme (avec une projection sur 10 \u00e0 15 ans), dans le cadre d\u2019un r\u00e9f\u00e9rentiel national de progr\u00e8s.<\/p>\n<p>Il a ainsi annonc\u00e9 la philosophie et la m\u00e9thodologie \u00e0 suivre par ladite commission pour r\u00e9ussir le pari et affronter, avec succ\u00e8s, les \u00e9normes d\u00e9fis.<\/p>\n<p>Il a surtout insist\u00e9 sur l\u2019\u00e9conomique et le social, sans pour autant pr\u00e9coniser de solution. Le discours est fortement litt\u00e9raire et technique, mais reste, cependant, assez all\u00e9chant par son approche participative, inclusive et hautement patriotique.<\/p>\n<p>Et ceux qui auront cette lourde t\u00e2che d\u2019\u00e9laborer \u00able r\u00e9f\u00e9rentiel \u00e9conomique et social\u00bb, le feront \u00e0 titre de b\u00e9n\u00e9voles et seront choisis parmi les meilleurs experts marocains, y compris ceux de la diaspora, a tenu \u00e0 pr\u00e9ciser l\u2019ambassadeur du Maroc \u00e0 Paris. L\u2019on ignore, pour l\u2019instant, si la commission Benmoussa sera assist\u00e9 par des cabinets internationaux.<\/p>\n<p>En revanche, l\u2019ancien ministre de l\u2019Int\u00e9rieur exclut la duplication de tout mod\u00e8le existant. Et pourtant, l\u2019on ne r\u00e9invente pas la roue. Les exp\u00e9riences des nouveaux dragons sont l\u00e0 et constituent une d\u00e9marche dont il faudra tirer profit en mati\u00e8re d\u2019enseignement pour les principales tares du mod\u00e8le marocain \u00e9puis\u00e9 que ces m\u00eames pays avaient connues auparavant. On pense \u00e0 quelques pays d\u2019Asie et d\u2019Am\u00e9rique latine qui avaient, il y a quelques d\u00e9cennies, un niveau de d\u00e9veloppement similaire \u00e0 celui du Maroc dans des divers domaines sensibles.<\/p>\n<p>Dans son discours de cadrage, Benmoussa pr\u00e9conise des \u00abruptures\u00bb qu\u2019il ne nomme pas et dont il a exclu le domaine de l\u2019\u00e9ducation auquel il faudra tout simplement \u00abapporter des corrections au niveau de la loi-cadre\u00bb et\u00a0 \u00abune nouvelle dynamique\u00bb \u00e0 insuffler aux diff\u00e9rentes actions. Or, de l\u2019avis des experts, le nouveau mod\u00e8le de d\u00e9veloppement marocain doit se baser sur une rupture avec l\u2019existant notamment et en premier lieu dans le domaine de l\u2019enseignement, avant toute autre action.<\/p>\n<p>L\u2019ancien ministre de l\u2019Int\u00e9rieur se place \u00abloin des doctrines \u00e9conomiques\u00bb et des \u00abd\u00e9bats\u00bb en place pour limiter la r\u00e9flexion les \u00abr\u00e9alisations\u00bb mais aussi les \u00abfaiblesses\u00a0point\u00e9es du doigt par le Souverain\u00bb.<\/p>\n<p>Il se veut aussi loin des sch\u00e9mas \u00ab\u00e9cul\u00e9s\u00bb et des \u00abtabous\u00bb, avec comme objectif d\u2019apporter \u00abdes r\u00e9ponses rapides aux\u00a0questions urgentes\u00bb.<\/p>\n<p>Cependant, un brin de satisfaction pour les partis politiques. Les propositions de r\u00e9formes d\u00e9j\u00e0 d\u00e9pos\u00e9es, notamment par des partis, aupr\u00e8s du Cabinet royal, seront exploit\u00e9es.<\/p>\n<p>Sur le plan pratique, Benmoussa a annonc\u00e9 la mise en place d\u2019une plateforme digitale pour \u00abrecueillir le maximum d\u2019opinions et d\u2019id\u00e9es\u00bb afin que la d\u00e9marche pr\u00e9conis\u00e9e soit inclusive.<\/p>\n<p>Et une fois n\u2019est pas coutume, il pr\u00f4ne une certaine audace pour aborder des points de blocage. Il n\u2019aborde pas, cependant, les principales r\u00e9sistances au changement pr\u00e9conis\u00e9, ni la pratique politique utilis\u00e9e pour des raisons \u00e9lectorales de sorte \u00e0 retarder le changement.<\/p>\n<p>Car il n\u2019est nul besoin d\u2019insister que la finalit\u00e9 de l\u2019initiative royale est de relever trois grands d\u00e9fis urgents\u00a0comme la r\u00e9alisation d\u2019une forte croissance et de l\u2019emploi, une redistribution juste et efficace des richesses et enfin une r\u00e9duction forte des in\u00e9galit\u00e9s sociales et spatiale.<\/p>\n<p>Nous esp\u00e9rons, souligne le pr\u00e9sident de la commission sp\u00e9ciale de r\u00e9forme du mod\u00e8le de d\u00e9veloppement, que cette structure puisse r\u00e9pondre, concr\u00e8tement, aux exigences fix\u00e9es par SM le Roi, \u00e9mises lors de l\u2019annonce de sa constitution. SM le Roi avait notamment d\u00e9clar\u00e9\u00a0: \u00abNous attendons qu\u2019elle remplisse son mandat avec impartialit\u00e9 et objectivit\u00e9 en portant \u00e0 Notre connaissance un constat exact de l\u2019\u00e9tat des lieux, aussi douloureux et p\u00e9nible puisse-t-il \u00eatre. Elle devra \u00eatre dot\u00e9e de l\u2019audace et du g\u00e9nie n\u00e9cessaires pour proposer des solutions adapt\u00e9es\u00bb, avait notamment insist\u00e9 le Souverain.<\/p>\n<p class=\"c2\"><strong>Mohamed Khalil<\/strong><\/p>\n<p>Auteur: M&rsquo;hammed rahal<br \/>\n<a href=\"http:\/\/albayane.press.ma\/benmoussa-devoile-sa-methodologie-et-son-agenda.html\">Cliquez ici pour lire l&rsquo;article depuis sa source.<\/a><\/p>\n","protected":false},"excerpt":{"rendered":"<p>Le pr\u00e9sident de la commission sp\u00e9ciale de r\u00e9forme du mod\u00e8le de d\u00e9veloppement, r\u00e9cemment nomm\u00e9 par SM le Roi, a choisi un parterre de journalistes restreint appartenant \u00e0 la presse \u00e9crite et digitale, pour faire sa premi\u00e8re sortie m\u00e9diatique. Dimanche apr\u00e8s-midi, \u00e0 son domicile, Chakib Benmoussa a communiqu\u00e9 sur sa strat\u00e9gie de travail \u00e0 la t\u00eate [&hellip;]<\/p>\n","protected":false},"author":1760,"featured_media":0,"comment_status":"closed","ping_status":"closed","sticky":false,"template":"","format":"standard","meta":{"fifu_image_url":"","fifu_image_alt":"","footnotes":""},"categories":[73,54],"tags":[],"class_list":["post-69892","post","type-post","status-publish","format-standard","hentry","category-actualite","category-maroc"],"_links":{"self":[{"href":"https:\/\/linitiative.ca\/International\/wp-json\/wp\/v2\/posts\/69892","targetHints":{"allow":["GET"]}}],"collection":[{"href":"https:\/\/linitiative.ca\/International\/wp-json\/wp\/v2\/posts"}],"about":[{"href":"https:\/\/linitiative.ca\/International\/wp-json\/wp\/v2\/types\/post"}],"author":[{"embeddable":true,"href":"https:\/\/linitiative.ca\/International\/wp-json\/wp\/v2\/users\/1760"}],"replies":[{"embeddable":true,"href":"https:\/\/linitiative.ca\/International\/wp-json\/wp\/v2\/comments?post=69892"}],"version-history":[{"count":0,"href":"https:\/\/linitiative.ca\/International\/wp-json\/wp\/v2\/posts\/69892\/revisions"}],"wp:attachment":[{"href":"https:\/\/linitiative.ca\/International\/wp-json\/wp\/v2\/media?parent=69892"}],"wp:term":[{"taxonomy":"category","embeddable":true,"href":"https:\/\/linitiative.ca\/International\/wp-json\/wp\/v2\/categories?post=69892"},{"taxonomy":"post_tag","embeddable":true,"href":"https:\/\/linitiative.ca\/International\/wp-json\/wp\/v2\/tags?post=69892"}],"curies":[{"name":"wp","href":"https:\/\/api.w.org\/{rel}","templated":true}]}}