{"id":69894,"date":"2019-12-11T07:06:46","date_gmt":"2019-12-11T12:06:46","guid":{"rendered":"https:\/\/linitiative.ca\/International\/rencontre-saied-et-sarraj-de-nombreux-sujets-brulant-sur-la-table\/"},"modified":"2019-12-11T07:06:46","modified_gmt":"2019-12-11T12:06:46","slug":"rencontre-saied-et-sarraj-de-nombreux-sujets-brulant-sur-la-table","status":"publish","type":"post","link":"https:\/\/linitiative.ca\/International\/rencontre-saied-et-sarraj-de-nombreux-sujets-brulant-sur-la-table\/","title":{"rendered":"Rencontre Sa\u00efed et Sarraj : De nombreux sujets br\u00fblant sur la table"},"content":{"rendered":"<ul>\n<li><strong>Discussions autour des moyens de faciliter la circulation des personnes et des biens, du dossier des enfants tunisiens d\u00e9tenus en Libye et du sort des journalistes disparus Chourabi et Ktari<\/strong><\/li>\n<\/ul>\n<p>Les relations \u00e9conomiques et politiques bilat\u00e9rales et les questions humanitaires en suspens ont \u00e9t\u00e9 au centre de l\u2019entretien mardi, au Palais de Carthage, entre le pr\u00e9sident de la R\u00e9publique, KaisSaied et le chef du gouvernement d\u2019entente national en Libye Fayez Sarraj, en visite officielle en Tunisie \u00e0 la t\u00eate d\u2019une d\u00e9l\u00e9gation de haut niveau, indique un communiqu\u00e9 de la pr\u00e9sidence de la r\u00e9publique.<\/p>\n<p>Les deux parties ont discut\u00e9 les questions de coop\u00e9ration \u00e9conomique, les moyens de lever les diff\u00e9rents obstacles \u00e0 la circulation des personnes et des marchandises entre la Tunisie et la Libye par voie maritime et terrestre, et d\u2019\u00e9viter notamment la fermeture du point de passage de Ras Jedir.<\/p>\n<p>L\u2019entretien a \u00e9galement abord\u00e9 les questions humanitaires en suspens, les deux parties soulignant la n\u00e9cessit\u00e9 de trouver une solution pour les enfants tunisiens d\u00e9tenus en Libye, et redoubler d\u2019efforts pour d\u00e9couvrir la v\u00e9rit\u00e9 sur la disparition de l\u2019employ\u00e9 de l\u2019ambassade de Tunisie \u00e0 Tripoli Walid Ksikssi depuis le 13 octobre 2014. La question des Libyens emp\u00each\u00e9s d\u2019entrer sur le sol tunisien a \u00e9galement \u00e9t\u00e9 abord\u00e9e, les deux parties convenant de charger le minist\u00e8re de l\u2019Int\u00e9rieur d\u2019examiner leurs dossiers, indique-t-on de m\u00eame source.<\/p>\n<p>Lors de cette rencontre, les parents des journalistes, Sofiane Chourabi et Nadhir Ktari, disparus en Libye depuis septembre 2014, ont \u00e9t\u00e9 re\u00e7us par le pr\u00e9sident de la R\u00e9publique et le chef du gouvernement libyen d\u2019entente nationale, qui ont confirm\u00e9 leur souci de conna\u00eetre le sort des deux journalistes.<\/p>\n<p>Sur le plan politique, l\u2019entretien a abord\u00e9 la n\u00e9cessit\u00e9 de trouver une solution \u00e0 la situation en Libye dans le cadre de la l\u00e9gitimit\u00e9 internationale et qui d\u00e9coule de la volont\u00e9 des Libyens eux-m\u00eames. Le pr\u00e9sident de l\u2019Etat a r\u00e9affirm\u00e9 la n\u00e9cessit\u00e9 de trouver un r\u00e8glement politique global qui serve les int\u00e9r\u00eats du peuple libyen, soulignant que la question libyenne est aussi une affaire tunisienne.<\/p>\n<p>Le communiqu\u00e9 pr\u00e9sidentiel a rappel\u00e9 \u00e0 cet \u00e9gard la position du chef de l\u2019Etat annonc\u00e9e lors de la r\u00e9ception du ministre allemand des Affaires \u00e9trang\u00e8res,Heiko Maas le 28 octobre 2019, et sa r\u00e9affirmation que les Libyens devraient \u00eatre la partie principale dans toutes les n\u00e9gociations concernant la question libyenne.<\/p>\n<p class=\"dpsp-share-text\">Partager c&rsquo;est aimer!<\/p>\n<div class=\"wp-post-author-wrap wp-post-author-shortcode left\">\n<h3 class=\"awpa-title\"\/>\n<div class=\"wp-post-author\">\n<div class=\"awpa-img awpa-author-block square\"><a href=\"http:\/\/lexpertjournal.net\/fr\/author\/expert\/\"><img loading=\"lazy\" decoding=\"async\" alt=\"\" src=\"http:\/\/0.gravatar.com\/avatar\/c828f0b17d24309f0d01a4eac3747085?s=150&#038;d=mm&#038;r=g\" srcset=\"http:\/\/0.gravatar.com\/avatar\/c828f0b17d24309f0d01a4eac3747085?s=300&#038;d=mm&#038;r=g 2x\" class=\"avatar avatar-150 photo\" height=\"150\" width=\"150\"\/><\/a><\/div>\n<\/div>\n<\/div>\n<p>Auteur: L&rsquo;expert<br \/>\n<a href=\"http:\/\/lexpertjournal.net\/fr\/2019\/12\/11\/rencontre-saied-et-sarraj-de-nombreux-sujets-brulant-sur-la-table\/\">Cliquez ici pour lire l&rsquo;article depuis sa source.<\/a><\/p>\n","protected":false},"excerpt":{"rendered":"<p>Discussions autour des moyens de faciliter la circulation des personnes et des biens, du dossier des enfants tunisiens d\u00e9tenus en Libye et du sort des journalistes disparus Chourabi et Ktari Les relations \u00e9conomiques et politiques bilat\u00e9rales et les questions humanitaires en suspens ont \u00e9t\u00e9 au centre de l\u2019entretien mardi, au Palais de Carthage, entre le [&hellip;]<\/p>\n","protected":false},"author":1775,"featured_media":0,"comment_status":"closed","ping_status":"closed","sticky":false,"template":"","format":"standard","meta":{"fifu_image_url":"","fifu_image_alt":"","footnotes":""},"categories":[78,55],"tags":[],"class_list":["post-69894","post","type-post","status-publish","format-standard","hentry","category-economie","category-tunisie"],"_links":{"self":[{"href":"https:\/\/linitiative.ca\/International\/wp-json\/wp\/v2\/posts\/69894","targetHints":{"allow":["GET"]}}],"collection":[{"href":"https:\/\/linitiative.ca\/International\/wp-json\/wp\/v2\/posts"}],"about":[{"href":"https:\/\/linitiative.ca\/International\/wp-json\/wp\/v2\/types\/post"}],"author":[{"embeddable":true,"href":"https:\/\/linitiative.ca\/International\/wp-json\/wp\/v2\/users\/1775"}],"replies":[{"embeddable":true,"href":"https:\/\/linitiative.ca\/International\/wp-json\/wp\/v2\/comments?post=69894"}],"version-history":[{"count":0,"href":"https:\/\/linitiative.ca\/International\/wp-json\/wp\/v2\/posts\/69894\/revisions"}],"wp:attachment":[{"href":"https:\/\/linitiative.ca\/International\/wp-json\/wp\/v2\/media?parent=69894"}],"wp:term":[{"taxonomy":"category","embeddable":true,"href":"https:\/\/linitiative.ca\/International\/wp-json\/wp\/v2\/categories?post=69894"},{"taxonomy":"post_tag","embeddable":true,"href":"https:\/\/linitiative.ca\/International\/wp-json\/wp\/v2\/tags?post=69894"}],"curies":[{"name":"wp","href":"https:\/\/api.w.org\/{rel}","templated":true}]}}